{"id":17457,"date":"2026-01-22T15:57:03","date_gmt":"2026-01-22T13:57:03","guid":{"rendered":"https:\/\/www.outdoor-renner.de\/blog\/?p=17457"},"modified":"2026-01-18T15:58:15","modified_gmt":"2026-01-18T13:58:15","slug":"wellensteyn-in-grossen-groessen-welche-modelle-passen-bei-kraeftiger-statur","status":"publish","type":"post","link":"https:\/\/www.outdoor-renner.de\/blog\/wellensteyn-in-grossen-groessen-welche-modelle-passen-bei-kraeftiger-statur.html","title":{"rendered":"Wellensteyn in gro\u00dfen Gr\u00f6\u00dfen \u2013 Welche Modelle passen bei kr\u00e4ftiger Statur?"},"content":{"rendered":"<figure class=\"wp-block-image\" style=\"text-align: center; margin-bottom: 30px;\"><a href=\"https:\/\/www.outdoor-renner.de\/blog\/wp-content\/uploads\/2025\/12\/Gemini_Generated_Image_cmn20pcmn20pcmn2.jpg\"><br \/>\n<picture><source srcset=\"https:\/\/www.outdoor-renner.de\/blog\/wp-content\/uploads\/2025\/12\/Gemini_Generated_Image_cmn20pcmn20pcmn2.webp 600w,https:\/\/www.outdoor-renner.de\/blog\/wp-content\/uploads\/2025\/12\/Gemini_Generated_Image_cmn20pcmn20pcmn2-300x300.webp 300w,https:\/\/www.outdoor-renner.de\/blog\/wp-content\/uploads\/2025\/12\/Gemini_Generated_Image_cmn20pcmn20pcmn2-150x150.webp 150w\" sizes=\"(max-width: 600px) 100vw, 600px\" type=\"image\/webp\"><img src=\"https:\/\/www.outdoor-renner.de\/blog\/wp-content\/uploads\/2025\/12\/Gemini_Generated_Image_cmn20pcmn20pcmn2.jpg\" height=\"600\" width=\"600\" srcset=\"https:\/\/www.outdoor-renner.de\/blog\/wp-content\/uploads\/2025\/12\/Gemini_Generated_Image_cmn20pcmn20pcmn2.jpg 600w, https:\/\/www.outdoor-renner.de\/blog\/wp-content\/uploads\/2025\/12\/Gemini_Generated_Image_cmn20pcmn20pcmn2-300x300.jpg 300w, https:\/\/www.outdoor-renner.de\/blog\/wp-content\/uploads\/2025\/12\/Gemini_Generated_Image_cmn20pcmn20pcmn2-150x150.jpg 150w\" sizes=\"(max-width: 600px) 100vw, 600px\" class=\"wp-image-17459 sp-no-webp\" alt=\"Wellensteyn Jacke Passform Beratung\" decoding=\"async\" style=\"max-width: 650px; width: 100%; height: auto; border-radius: 4px;\"  > <\/picture><br \/>\n<\/a><figcaption class=\"wp-element-caption\"><em>Achte auf Modelle mit einem geraden Schnitt (&#8222;Loose Fit&#8220;) und gen\u00fcgend Weite im Bauchbereich, um den Tragekomfort im Alltag zu garantieren.<\/em><\/figcaption><\/figure>\n<div style=\"background-color: #f4f4f4; border: 2px solid #e30613; padding: 20px; margin: 25px 0; border-radius: 8px;\">\n<h3 style=\"margin-top: 0; color: #e30613;\">\ud83d\udca1 Experten-Tipp von Gerhard Renner<\/h3>\n<p><em>&#8222;Wellensteyn Jacken sind Kult, aber Vorsicht beim Kauf in gro\u00dfen Gr\u00f6\u00dfen! Viele Modelle sind f\u00fcr eine athletische V-Figur geschnitten. Wenn Du eher eine O-Figur (Bauchtyp) hast, n\u00fctzt Dir die gr\u00f6\u00dfte Gr\u00f6\u00dfe nichts, wenn die Jacke unten am Saum zu eng zul\u00e4uft. Mein Rat: Schau Dir vor dem Kauf immer das Saum-Ma\u00df an. Ein bauchfreundlicher Schnitt ist hier wichtiger als das Design-Etikett. Wir messen bei <a href=\"https:\/\/www.outdoor-renner.de\/\">RennerXXL<\/a> jedes Modell einzeln nach, damit Du Dich nicht auf vage Herstellerangaben verlassen musst.&#8220;<\/em><\/p>\n<p><strong>Dein Gerhard Renner<\/strong> (Inhaber RennerXXL)<\/p>\n<\/div>\n<h2 class=\"wp-block-heading\">I. Einleitung: Wenn Funktion auf Design trifft<\/h2>\n<p>Wellensteyn hat sich einen Namen gemacht als Marke f\u00fcr robuste, wetterfeste Jacken mit einem klaren, oft maritimen Design. Die Versprechen von Wasserdichtigkeit, Winddichtigkeit und hoher Haltbarkeit sind meistens erf\u00fcllt. Das ist die Funktion.<\/p>\n<p>Aber hier kommt das Problem: Wellensteyn ist prim\u00e4r eine Lifestyle-Marke. Das bedeutet, dass der Schnitt (&#8222;Fit&#8220;) oft dem modischen Design untergeordnet wird &#8211; und nicht der funktionalen Passform, die Du bei einer kr\u00e4ftigen, bauchbetonten Statur ben\u00f6tigst. Unsere Auswahl an <a href=\"https:\/\/www.outdoor-renner.de\/wellensteyn-jacken-uebergroesse\/\">Wellensteyn Jacken in \u00dcbergr\u00f6\u00dfen<\/a> ber\u00fccksichtigt genau diese Problematik.<\/p>\n<h3 class=\"wp-block-heading\">Der Mythos und die Realit\u00e4t der gro\u00dfen Gr\u00f6\u00dfe<\/h3>\n<p>Viele Kunden in unserer Zielgruppe (<a href=\"https:\/\/www.outdoor-renner.de\/bekleidung-herren-uebergroessen\/\">3XL bis 12XL<\/a>) denken: &#8222;Ich brauche einfach die gr\u00f6\u00dfte Gr\u00f6\u00dfe.&#8220; Bei Wellensteyn f\u00fchrt das jedoch oft zur Entt\u00e4uschung. Die Jacke mag in der Brust und an den Schultern passen, aber sie wird zu einem Problem in zwei kritischen Zonen:<\/p>\n<ol>\n<li><strong>Am Bauch\/Saum:<\/strong> Der Schnitt ist oft tailliert oder l\u00e4uft unten zu eng zu.<\/li>\n<li><strong>Am Oberarm:<\/strong> Die \u00c4rmel sind f\u00fcr schlankere Silhouetten konzipiert und bieten nicht die n\u00f6tige Bewegungsfreiheit.<\/li>\n<\/ol>\n<p>Unsere Mission hier ist deshalb klar: Wir suchen nicht nur die gr\u00f6\u00dfte Gr\u00f6\u00dfe. Wir suchen den <strong>speziellen Schnitt<\/strong>, der Bauch und Schultern ausreichend Platz bietet, ohne dass die Jacke wie ein Zelt wirkt. Wir konzentrieren uns auf Passform-Technik, nicht auf Marketing-Bilder.<\/p>\n<h2 class=\"wp-block-heading\">II. Die T\u00fccken der Design-Passform: V-Form vs. O-Form<\/h2>\n<p>Um die richtige Wellensteyn-Jacke zu finden, musst Du verstehen, f\u00fcr welche K\u00f6rperform die meisten Jacken dieser Art entworfen werden.<\/p>\n<h3 class=\"wp-block-heading\">Das Problem: Die V-Form<\/h3>\n<p>Design-orientierte Jacken werden oft f\u00fcr die sogenannte V-Form (oder &#8222;Athletic Fit&#8220;) entworfen: Breites Kreuz, schmale Taille, schlanker H\u00fcftbereich. Der Schnitt verl\u00e4uft von oben nach unten konisch. Dies ist das Gegenteil dessen, was Du bei einer kr\u00e4ftigen, bauchbetonten Statur brauchst.<\/p>\n<h3 class=\"wp-block-heading\">Deine Anforderung: Die O-Form und der gerade Schnitt<\/h3>\n<p>Wenn Du eine kr\u00e4ftige Statur, einen ausgepr\u00e4gten Bauch oder eine O-Form hast, ben\u00f6tigst Du Schnitte, die folgende Kriterien erf\u00fcllen:<\/p>\n<ul>\n<li><strong>Gerader Saumverlauf:<\/strong> Die Jacke darf ab der Brust nicht schmaler werden, sondern muss bis zum Saum gleich breit oder leicht ausgestellt sein.<\/li>\n<li><strong>Ausreichende Saumweite:<\/strong> Die untere Weite muss \u00fcber dem Bauch bequem geschlossen werden k\u00f6nnen, ohne zu spannen.<\/li>\n<li><strong>Hoher Armkugel-Ansatz:<\/strong> Die Schulter muss so geschnitten sein, dass der Oberarm frei beweglich ist.<\/li>\n<\/ul>\n<p>Viele Wellensteyn-Modelle nutzen innenliegende Gummiz\u00fcge oder Raffungen, um die modische Silhouette zu betonen. Das f\u00fchrt bei 4XL oder 8XL oft zu einer massiven Einengung. Die goldene Passform-Regel bei Wellensteyn: Die Jacke muss Platz am Saum bieten und Freiheit am Oberarm. Eine pr\u00e4zise <a href=\"https:\/\/www.outdoor-renner.de\/richtig-messen\/\">K\u00f6rpervermessung<\/a> ist hier die wichtigste Grundlage, da die herk\u00f6mmliche <a href=\"https:\/\/www.outdoor-renner.de\/groessentabelle-wellensteyn\/\">Wellensteyn-Gr\u00f6\u00dfentabelle<\/a> oft nicht die Bed\u00fcrfnisse bauchbetonter Staturen abdeckt.<\/p>\n<div style=\"background-color: #eef6ff; border: 1px solid #3182ce; padding: 15px; margin: 25px 0;\"><strong>\ud83d\udd17 Offizielle Informationen zu Passform-Standards<\/strong><\/p>\n<p style=\"margin-bottom: 0;\">Die korrekte Ermittlung von K\u00f6rperma\u00dfen und die Umsetzung in Konfektionsgr\u00f6\u00dfen folgt industriellen Richtlinien. Wer mehr \u00fcber die technischen Hintergr\u00fcnde erfahren m\u00f6chte, findet hier fundierte Informationen:<\/p>\n<ul>\n<li><a href=\"https:\/\/de.wikipedia.org\/wiki\/Konfektionsgr%C3%B6%C3%9Fe#Internationale_Normung:_EN_13402\" target=\"_blank\" rel=\"noopener\">Wikipedia: Internationale Normung EN 13402<\/a><\/li>\n<li><a href=\"https:\/\/www.hohenstein.de\/de\/kompetenz\/passform\/\" target=\"_blank\" rel=\"nofollow noopener\">Hohenstein Institute: Passform &amp; Schnittentwicklung<\/a><\/li>\n<\/ul>\n<\/div>\n<figure class=\"wp-block-image\" style=\"text-align: center; margin: 30px 0;\"><a href=\"https:\/\/www.outdoor-renner.de\/blog\/wp-content\/uploads\/2025\/12\/Gemini_Generated_Image_cmn20pcmn20pcmn22.jpg\"><br \/>\n<picture><source srcset=\"https:\/\/www.outdoor-renner.de\/blog\/wp-content\/uploads\/2025\/12\/Gemini_Generated_Image_cmn20pcmn20pcmn22.webp 600w,https:\/\/www.outdoor-renner.de\/blog\/wp-content\/uploads\/2025\/12\/Gemini_Generated_Image_cmn20pcmn20pcmn22-300x284.webp 300w\" sizes=\"(max-width: 600px) 100vw, 600px\" type=\"image\/webp\"><img src=\"https:\/\/www.outdoor-renner.de\/blog\/wp-content\/uploads\/2025\/12\/Gemini_Generated_Image_cmn20pcmn20pcmn22.jpg\" height=\"567\" width=\"600\" srcset=\"https:\/\/www.outdoor-renner.de\/blog\/wp-content\/uploads\/2025\/12\/Gemini_Generated_Image_cmn20pcmn20pcmn22.jpg 600w, https:\/\/www.outdoor-renner.de\/blog\/wp-content\/uploads\/2025\/12\/Gemini_Generated_Image_cmn20pcmn20pcmn22-300x284.jpg 300w\" sizes=\"(max-width: 600px) 100vw, 600px\" class=\"wp-image-17460 sp-no-webp\" alt=\"V-Form vs O-Form Passform\" decoding=\"async\" style=\"max-width: 650px; width: 100%; height: auto; border-radius: 4px;\"  > <\/picture><br \/>\n<\/a><figcaption class=\"wp-element-caption\"><em>Bei \u00dcbergr\u00f6\u00dfen f\u00fcr kr\u00e4ftige Staturen ist der &#8222;Belly-friendly Cut&#8220; (O-Form) dem stark taillierten V-Shape-Design (V-Form) vorzuziehen.<\/em><\/figcaption><\/figure>\n<h2 class=\"wp-block-heading\">III. Der Modell-Check: Die Schnitte, die wirklich funktionieren<\/h2>\n<p>Basierend auf unserer Erfahrung mit \u00dcbergr\u00f6\u00dfen bewerten wir die <a href=\"https:\/\/www.outdoor-renner.de\/winterbekleidung-xxl\/\">Wellensteyn-Modelle<\/a> nach ihrer tats\u00e4chlichen Passform. Es gibt Modelle, die von Natur aus gerader geschnitten sind, und solche, die Du als Bauchtyp aussortieren kannst.<\/p>\n<h3 class=\"wp-block-heading\">Finger weg: Die Taillierungs-Falle (V-Form)<\/h3>\n<p>Diese Modelle solltest Du meiden, da sie oft eine starke Taillierung (Slim\/Body Fit) aufweisen und einen zu engen Saumabschluss haben:<\/p>\n<ul>\n<li><strong>Chester \/ Cuxhaven:<\/strong> Oft sehr k\u00f6rpernah und figurbetont geschnitten, mit Betonung der Taille.<\/li>\n<li><strong>Kitzb\u00fchel \/ Rescue Parka:<\/strong> Tendieren oft zu einer schmalen Schulterpartie und einem engen Saum.<\/li>\n<\/ul>\n<blockquote class=\"wp-block-quote\"><p><strong>Unser ehrliches Passform-Statement:<\/strong> Bei diesen Modellen gilt oft: F\u00e4llt sehr figurbetont aus. L\u00e4uft am Saum schmal zu und ist daher f\u00fcr eine bauchbetonte K\u00f6rperform nicht geeignet.<\/p><\/blockquote>\n<h3 class=\"wp-block-heading\">Empfehlenswert: Der &#8222;Belly-Friendly Cut&#8220; (Loose Fit)<\/h3>\n<p>Suche nach Modellen, die einen geraden, kastenartigen oder sehr komfortablen Schnitt haben. Diese bieten die ben\u00f6tigte Weite im kritischen Bauch- und H\u00fcftbereich.<\/p>\n<figure class=\"wp-block-table\">\n<table class=\"has-fixed-layout\">\n<thead>\n<tr>\n<td><strong>Modell-Serie<\/strong><\/td>\n<td><strong>Typische Passform<\/strong><\/td>\n<td><strong>Dein Fit-Vorteil<\/strong><\/td>\n<\/tr>\n<\/thead>\n<tbody>\n<tr>\n<td><strong>Coast<\/strong><\/td>\n<td>Sehr gerader, fast kastiger Schnitt.<\/td>\n<td>Bietet maximale Weite am Bauch und Saum. Oft ein echtes <strong>Loose Fit<\/strong>-Modell.<\/td>\n<\/tr>\n<tr>\n<td><strong>Leuchtfeuer<\/strong><\/td>\n<td>Klassischer, l\u00e4ngerer Parka-Schnitt.<\/td>\n<td>F\u00e4llt in \u00dcbergr\u00f6\u00dfe oft gro\u00dfz\u00fcgiger aus (<strong>Runs generously<\/strong>) und passt \u00fcber den Bauch.<\/td>\n<\/tr>\n<tr>\n<td><strong>Stardust<\/strong><\/td>\n<td>Gerader geschnittener Kurzmantel.<\/td>\n<td>Schultern und Arme sind meist komfortabler geschnitten (<strong>Comfort Fit<\/strong>).<\/td>\n<\/tr>\n<tr>\n<td><strong>Gore \/ Belvedere<\/strong><\/td>\n<td>Klassische Jacken ohne starke Taillierung.<\/td>\n<td>Geraderer, <strong>bauchfreundlicher Schnitt<\/strong> f\u00fcr den Alltag.<\/td>\n<\/tr>\n<\/tbody>\n<\/table>\n<\/figure>\n<figure class=\"wp-block-image\" style=\"text-align: center; margin: 30px 0;\"><a href=\"https:\/\/www.outdoor-renner.de\/blog\/wp-content\/uploads\/2025\/12\/Gemini_Generated_Image_cmn20pcmn20pcmn24.jpg\"><br \/>\n<picture><source srcset=\"https:\/\/www.outdoor-renner.de\/blog\/wp-content\/uploads\/2025\/12\/Gemini_Generated_Image_cmn20pcmn20pcmn24.webp 600w,https:\/\/www.outdoor-renner.de\/blog\/wp-content\/uploads\/2025\/12\/Gemini_Generated_Image_cmn20pcmn20pcmn24-259x300.webp 259w\" sizes=\"(max-width: 600px) 100vw, 600px\" type=\"image\/webp\"><img src=\"https:\/\/www.outdoor-renner.de\/blog\/wp-content\/uploads\/2025\/12\/Gemini_Generated_Image_cmn20pcmn20pcmn24.jpg\" height=\"695\" width=\"600\" srcset=\"https:\/\/www.outdoor-renner.de\/blog\/wp-content\/uploads\/2025\/12\/Gemini_Generated_Image_cmn20pcmn20pcmn24.jpg 600w, https:\/\/www.outdoor-renner.de\/blog\/wp-content\/uploads\/2025\/12\/Gemini_Generated_Image_cmn20pcmn20pcmn24-259x300.jpg 259w\" sizes=\"(max-width: 600px) 100vw, 600px\" class=\"wp-image-17458 sp-no-webp\" alt=\"Fit-Vergleich Wellensteyn\" decoding=\"async\" style=\"max-width: 650px; width: 100%; height: auto; border-radius: 4px;\"  > <\/picture><br \/>\n<\/a><figcaption class=\"wp-element-caption\"><em>Links der weite, Bauch-freundliche Schnitt, rechts ein Slim-Fit. W\u00e4hle aktiv nach unseren Fit-Attributen wie Comfort Fit oder Relaxed Fit aus.<\/em><\/figcaption><\/figure>\n<hr \/>\n<p>Wenn Du unsicher bist, welches Modell f\u00fcr Deinen Bauchumfang am besten geeignet ist, nutze unsere <a href=\"https:\/\/www.outdoor-renner.de\/masstabelle\/\">individuellen Ma\u00dfe in den Produkttabellen<\/a> bei RennerXXL. Wir messen jedes Kleidungsst\u00fcck von Hand nach, damit Du direkt mit Deinem K\u00f6rperma\u00df vergleichen kannst.<\/p>\n","protected":false},"excerpt":{"rendered":"<p class=\"teaser\">Achte auf Modelle mit einem geraden Schnitt (&#8222;Loose Fit&#8220;) und gen\u00fcgend Weite im Bauchbereich, um den Tragekomfort im Alltag zu garantieren. \ud83d\udca1 Experten-Tipp von Gerhard Renner &#8222;Wellensteyn Jacken sind Kult, aber Vorsicht beim Kauf in gro\u00dfen Gr\u00f6\u00dfen! Viele Modelle sind f\u00fcr eine athletische V-Figur geschnitten. Wenn Du eher eine O-Figur (Bauchtyp) hast, n\u00fctzt Dir die &hellip;<\/p>\n","protected":false},"author":6,"featured_media":0,"comment_status":"open","ping_status":"closed","sticky":false,"template":"","format":"standard","meta":{"footnotes":""},"categories":[1],"tags":[],"class_list":["post-17457","post","type-post","status-publish","format-standard","hentry","category-allgemein"],"aioseo_notices":[],"_links":{"self":[{"href":"https:\/\/www.outdoor-renner.de\/blog\/wp-json\/wp\/v2\/posts\/17457","targetHints":{"allow":["GET"]}}],"collection":[{"href":"https:\/\/www.outdoor-renner.de\/blog\/wp-json\/wp\/v2\/posts"}],"about":[{"href":"https:\/\/www.outdoor-renner.de\/blog\/wp-json\/wp\/v2\/types\/post"}],"author":[{"embeddable":true,"href":"https:\/\/www.outdoor-renner.de\/blog\/wp-json\/wp\/v2\/users\/6"}],"replies":[{"embeddable":true,"href":"https:\/\/www.outdoor-renner.de\/blog\/wp-json\/wp\/v2\/comments?post=17457"}],"version-history":[{"count":6,"href":"https:\/\/www.outdoor-renner.de\/blog\/wp-json\/wp\/v2\/posts\/17457\/revisions"}],"predecessor-version":[{"id":17616,"href":"https:\/\/www.outdoor-renner.de\/blog\/wp-json\/wp\/v2\/posts\/17457\/revisions\/17616"}],"wp:attachment":[{"href":"https:\/\/www.outdoor-renner.de\/blog\/wp-json\/wp\/v2\/media?parent=17457"}],"wp:term":[{"taxonomy":"category","embeddable":true,"href":"https:\/\/www.outdoor-renner.de\/blog\/wp-json\/wp\/v2\/categories?post=17457"},{"taxonomy":"post_tag","embeddable":true,"href":"https:\/\/www.outdoor-renner.de\/blog\/wp-json\/wp\/v2\/tags?post=17457"}],"curies":[{"name":"wp","href":"https:\/\/api.w.org\/{rel}","templated":true}]}}