{"id":12114,"date":"2023-01-12T16:28:25","date_gmt":"2023-01-12T14:28:25","guid":{"rendered":"https:\/\/www.outdoor-renner.de\/blog\/?p=12114"},"modified":"2026-01-27T21:22:47","modified_gmt":"2026-01-27T19:22:47","slug":"trends-skibekleidung-neuheiten","status":"publish","type":"post","link":"https:\/\/www.outdoor-renner.de\/blog\/trends-skibekleidung-neuheiten.html","title":{"rendered":"Skibekleidung &#8211; Die neuen Trends"},"content":{"rendered":"<picture><source srcset=\"https:\/\/www.outdoor-renner.de\/blog\/wp-content\/uploads\/2018\/11\/img-skijacken-herren-uq.webp 400w,https:\/\/www.outdoor-renner.de\/blog\/wp-content\/uploads\/2018\/11\/img-skijacken-herren-uq-300x200.webp 300w\" sizes=\"(max-width: 400px) 100vw, 400px\" type=\"image\/webp\"><img src=\"https:\/\/www.outdoor-renner.de\/blog\/wp-content\/uploads\/2018\/11\/img-skijacken-herren-uq.jpg\" height=\"267\" width=\"400\" srcset=\"https:\/\/www.outdoor-renner.de\/blog\/wp-content\/uploads\/2018\/11\/img-skijacken-herren-uq.jpg 400w, https:\/\/www.outdoor-renner.de\/blog\/wp-content\/uploads\/2018\/11\/img-skijacken-herren-uq-300x200.jpg 300w\" sizes=\"(max-width: 400px) 100vw, 400px\" class=\"size-full wp-image-11802 alignleft sp-no-webp\" alt=\"image ski mountaineering skibergsteigen\" decoding=\"async\"  > <\/picture>\n<p>Funktionelle Skibekleidung ist auf hohem technischem Niveau angelangt. Sie liefert die passende L\u00f6sung f\u00fcr Pistenskifahrer, Freerider und Tourengeher. Die Grenzen zwischen Performance und Mode sind in der Ski-Wear f\u00fcr den kommenden Herbst und Winter flie\u00dfend. Nahtlos verschmelzen innovative Stoffkonzepte, neue Qualit\u00e4ten, effektvolle Details, dekorative Muster und starke Farben zu neuen Outfits. \u201eDie Optik spielt bei der Kaufentscheidung eine wesentliche Rolle.<\/p>\n<h2>Die neuen Ski-Kollektionen&#8230;<\/h2>\n<p>&#8230;haben in puncto Komfort, Passform und Bewegungsfreiheit einen noch nie dagewesenen Funktionslevel erreicht. Voll-Vertapung, 3D-Schnittf\u00fchrung und Lasercut-Technologie sind fl\u00e4chendeckend vertreten. Vier-Wege-Stretch-Materialien, aber auch \u00f6kologische und nachhaltige Stoffe sind in den Kollektionen selbstverst\u00e4ndlich. Dazu noch geringeres Packma\u00df und noch besseres W\u00e4rme-zu-Gewicht-Verh\u00e4ltnis, bei so wenig N\u00e4hten wie m\u00f6glich. Hybrid-Technologien sind zur Perfektion gereift \u2013 zum Einsatz kommen beispielsweise Windstopper-Paneele auf der Vorderseite des Rumpfes mit Seamless-Knit-Zonen an \u00c4rmeln und R\u00fccken. Oder Zonen mit dreilagigen Laminaten, die sich mit daunengef\u00fctterten Zweilagen-Bereichen abwechseln. Auch bei den Materialien gibt es hybride, wie synthetische Wattierungen mit eingearbeiteten Daunen.<\/p>\n<h2>Mehr Bewegungsfreiheit<\/h2>\n<p>Viel getan hat sich auch bei den Schnitten. Neben vorgeformten Ellbogen- und Kniepartien erm\u00f6glichen innovative N\u00e4htechniken eine anatomisch perfekte Schnittf\u00fchrung. Houdini arbeitet beispielsweise mit dem \u201eMade to Move\u201c-Verfahren. Dabei werden die nat\u00fcrlichen Stretchlinien des Stoffes ausgenutzt. Neu bei Bergans ist ein den Bewegungsfluss unterst\u00fctzendes 3D-Designkonzept. Toni Sailer verwendet ein neues Verfahren mit einem \u201ePremium Light-4-Way-Stretch\u201c-Stoff, bei dem verschiedene Lagen und Schnittteile miteinander verklebt und gebondet werden. So kommt die ultraleichte, in alle Richtungen dehnbare Jacke nahezu ohne N\u00e4hte und auch ohne Lining aus. Nahtlos sind auch die erste vollst\u00e4ndig gestrickte Isolationsweste und -jacke von Kjus. Sie sollen laut Hersteller zweimal dehnbarer sein, schneller trocknen als herk\u00f6mmliche Jacken und uneingeschr\u00e4nkte Bewegungsfreiheit gew\u00e4hren.<\/p>\n<h2>Vielseitig einsetzbar ist im Trend<\/h2>\n<p>Immer st\u00e4rker lehnen sich Designer und Produktentwickler bei Farben, Stoffen und Passform an die aktuelle Mode an. Die neuen Styles orientieren sich an Lifestyle- und Casual-Trends sowie am Urban Spirit und bedienen damit einen breiten Einsatzbereich. Durch strukturierte Oberfl\u00e4chen wie Leinenbindungen, Jacquards, Denims oder Quiltings weisen wasserdichte und atmungsaktive Hightech-Materialien Streetwear-Einfl\u00fcsse auf \u2013 ohne, dass man ihnen ihre eigentliche Funktion ansieht.<\/p>\n<p>So verleiht eine Jacke aus Vier-Wege-Twill nicht nur grenzenlose Bewegungsfreiheit auf der Piste. Durch das l\u00e4ssig urbane Aussehen kann sie genauso gut in der Stadt getragen werden \u2013 ein Mehrwert, der sich f\u00fcr die Konsumenten rechnet. Denn die modisch orientierten und multipel nutzbaren Outfits der klassischen Skimarken sind haupts\u00e4chlich ab den mittleren Preislagen zu finden.<\/p>\n<h2>Skibekleidung: Die Trends f\u00fcr die kommende Skisaison<\/h2>\n<p><strong>Hier alle Infos auf einen Blick, was dich f\u00fcr die aktuelle Skisaison erwartet:<\/strong><\/p>\n<ul>\n<li>Bunte, kr\u00e4ftige Farben<\/li>\n<li>Metallische Optik, gl\u00e4nzende Deko-Elemente werden zum Modetrend<\/li>\n<li>Figurbetonte, feminine Silhouetten<\/li>\n<li>Skihosen mit Allover-Print<\/li>\n<li>Strukturierte Oberfl\u00e4chen wie Leinen, Jacquards, Denim oder Quilting<\/li>\n<li>Rallyestreifen bei Skijacken und -hosen<\/li>\n<li>Fake Fur an Kragen und Jackeninnenseiten<\/li>\n<li>Modische Midlayer mit Statement-Prints<\/li>\n<li>Strick in vielen Variationen<\/li>\n<li>Vier-Wege-Stretch durch alle Lagen hinduch<\/li>\n<li>Steghosen sind wieder im kommen<\/li>\n<li>Vielseitigkeit &#8211; die Skijacke wird auch als Winterjacke zum Wandern hergenommen<\/li>\n<li>Nachhaltigkeit wird immer wichtiger, Stichwort &#8222;PFC-Frei&#8220;<\/li>\n<li>Die Skimode wird funktionaler und daher auch nicht nur f\u00fcr die Piste zu tragen sein<\/li>\n<li>Nachhaltigkeit wird immer wichtiger. Dieser Trend hat sich bereits auf der ISPO abgezeichnet<\/li>\n<\/ul>\n<h2>Ratgeber im Renner Magazin zum Thema<\/h2>\n<p><a href=\"https:\/\/www.outdoor-renner.de\/blog\/outdoorjacken-skijacken-waschen-impragnieren.html\">Skibekleidung Impr\u00e4gnieren und Waschen <\/a><a href=\"https:\/\/www.outdoor-renner.de\/ratgeber-skibekleidung-kaufen\/\">| Ratgeber Skibekleidung kaufen<\/a> | <a href=\"https:\/\/www.outdoor-renner.de\/Richtig-messen\/\">Gr\u00f6\u00dfen Umrechner &#8211; richtig Messen<\/a><\/p>\n<h2>Folgende Marken sind dieses Jahr angesagt:<\/h2>\n<ul>\n<li>Kjus:<\/li>\n<li>Bogner:<\/li>\n<li>Ortovox:<\/li>\n<li>Sportalm:<\/li>\n<li>Spyder:<\/li>\n<\/ul>\n<h2>Sch\u00f6ffel Skibekleidung &#8211; Die Neuheiten:<\/h2>\n<p><em>&#8222;Mit der Kombination von modischen Oberfl\u00e4chen und verschiedenen Strukturen zeigen wir das Spiel mit Kontrasten \u2013 wie matt mit gl\u00e4nzend oder Nat\u00fcrlichkeit gegen Technizit\u00e4t\u201c<\/em>, veranschaulicht die Designerin Sabrina Kramer das Erscheinungsbild der neuen Skiwear bei Sch\u00f6ffel. Hinzu kommen aktuelle Modeeinfl\u00fcsse, wie Fake Fur an Kragen und Jackeninnenseiten.<\/p>\n<p>Der Winter bei Sch\u00f6ffel wird bunt. Kr\u00e4ftige Farben kommen direkt von den Laufstegen der Fashionmetropolen. Gelb ist eine angesagte Trendfarbe. Allover oder mit Pink und Wei\u00df kombiniert setzt sie ein starkes Modestatement im Schnee. Einen modischen Auftritt legen ebenso Oliv, Flieder sowie verschiedene Rot- und Blaut\u00f6ne hin. Mutige Farbkombinationen wie Jeansblau mit Orange, oder Gr\u00fcn mit Pink, unterstreichen gleichfalls die topaktuelle Ausrichtung der Outfits. Gegenpole bilden ruhige Farben wie Winter-Darks und Naturt\u00f6ne. Selbst in den Herren-Kollektionen ist Farbe als modischer Eyecatcher keine Seltenheit mehr. Beispielsweise setzt Maier Sports leuchtende Neon-Details als Blitzer bei den Hosen ein. Auch Sch\u00f6ffel beweist Mode-Mut und durchbricht die farbliche Uniformit\u00e4t mit Skihosen im Alloverprint.<\/p>\n<h3>Sch\u00f6ffel Skijacke \/ Hoody Annapolis<\/h3>\n<p>Dieser funktionelle Hoodie mit nat\u00fcrlichem Mehrwert aus Venturi Softshell-Material ist ein echter Allrounder f\u00fcr Aktivit\u00e4ten am Berg. Die Helmkapuze passt \u00fcber Ski- und Kletterhelm, der hochschlie\u00dfende Kragen bietet besten W\u00e4rmeschutz, ebenso wie der verstellbare Saum- und \u00c4rmelabschluss. Dank seines pnenden Materialmix ist das Modell wasserabweisend, winddicht und atmungsaktiv. Die \u201eS-Caf\u00e9\u201c-Technologie sorgt zudem f\u00fcr einen geruchshemmenden Effekt. Erh\u00e4ltlich auch f\u00fcr Herren als \u201eWS Hoody Val d\u2019Isere\u201c.<\/p>\n<p><em>Auch in \u00dcbergr\u00f6\u00dfen und Langen Gr\u00f6\u00dfen erh\u00e4ltlich<\/em><\/p>\n<div id=\"attachment_12115\" style=\"width: 310px\" class=\"wp-caption alignnone\"><a href=\"https:\/\/www.outdoor-renner.de\/blog\/wp-content\/uploads\/2019\/03\/sch\u00f6ffel-skijacke-annapolis-damen.jpg\"><picture><source srcset=\"https:\/\/www.outdoor-renner.de\/blog\/wp-content\/uploads\/2019\/03\/sch\u00f6ffel-skijacke-annapolis-damen.webp 300w,https:\/\/www.outdoor-renner.de\/blog\/wp-content\/uploads\/2019\/03\/sch\u00f6ffel-skijacke-annapolis-damen-216x300.webp 216w\" sizes=\"(max-width: 300px) 100vw, 300px\" type=\"image\/webp\"><img src=\"https:\/\/www.outdoor-renner.de\/blog\/wp-content\/uploads\/2019\/03\/sch\u00f6ffel-skijacke-annapolis-damen.jpg\" height=\"417\" width=\"300\" srcset=\"https:\/\/www.outdoor-renner.de\/blog\/wp-content\/uploads\/2019\/03\/sch\u00f6ffel-skijacke-annapolis-damen.jpg 300w, https:\/\/www.outdoor-renner.de\/blog\/wp-content\/uploads\/2019\/03\/sch\u00f6ffel-skijacke-annapolis-damen-216x300.jpg 216w\" sizes=\"(max-width: 300px) 100vw, 300px\" class=\"wp-image-12115 size-full sp-no-webp\" alt=\"Sch\u00f6ffel Skijacke \/ Hoody Annapolis\" decoding=\"async\" aria-describedby=\"caption-attachment-12115\"  > <\/picture><\/a><p id=\"caption-attachment-12115\" class=\"wp-caption-text\"><em>Damen Skijacke Annapolis<\/em><\/p><\/div>\n<div id=\"attachment_12116\" style=\"width: 260px\" class=\"wp-caption alignright\"><a href=\"https:\/\/www.outdoor-renner.de\/blog\/wp-content\/uploads\/2019\/03\/sch\u00f6ffel-skihose-annapolis.jpg\"><picture><source srcset=\"https:\/\/www.outdoor-renner.de\/blog\/wp-content\/uploads\/2019\/03\/sch\u00f6ffel-skihose-annapolis.webp 250w,https:\/\/www.outdoor-renner.de\/blog\/wp-content\/uploads\/2019\/03\/sch\u00f6ffel-skihose-annapolis-148x300.webp 148w\" sizes=\"(max-width: 250px) 100vw, 250px\" type=\"image\/webp\"><img src=\"https:\/\/www.outdoor-renner.de\/blog\/wp-content\/uploads\/2019\/03\/sch\u00f6ffel-skihose-annapolis.jpg\" height=\"508\" width=\"250\" srcset=\"https:\/\/www.outdoor-renner.de\/blog\/wp-content\/uploads\/2019\/03\/sch\u00f6ffel-skihose-annapolis.jpg 250w, https:\/\/www.outdoor-renner.de\/blog\/wp-content\/uploads\/2019\/03\/sch\u00f6ffel-skihose-annapolis-148x300.jpg 148w\" sizes=\"(max-width: 250px) 100vw, 250px\" class=\"wp-image-12116 size-full sp-no-webp\" alt=\"Skihose Pant Anapolis f\u00fcr Damen\" decoding=\"async\" aria-describedby=\"caption-attachment-12116\"  > <\/picture><\/a><p id=\"caption-attachment-12116\" class=\"wp-caption-text\"><em>Skihose Pant Anapolis f\u00fcr Damen<\/em><\/p><\/div>\n<h3>Sch\u00f6ffel Skihose \/ Tourenhose Lady Pant Anapolis<\/h3>\n<p>Die Komfortpants f\u00fcr besondere Touren aus der \u201eWinter Mountaineering\u201c-Kollektion besteht aus elastischem, winddichtem Venturi Softshell-Material. Rei\u00dfverschl\u00fcsse am Beinabschluss f\u00fcr einfaches An- und Ausziehen, vorgeformte Kniepartien sowie stufenlos verstellbarer Taillenzug sorgen f\u00fcr den n\u00f6tigen Komfort. Verst\u00e4rkung gegen Skikantenschl\u00e4ge und Bel\u00fcftungsrei\u00dfverschl\u00fcsse an den Beinen machen dieses Teil zur perfekten Hose f\u00fcr Skitouren an w\u00e4rmeren Tagen.<\/p>\n<p><em>Auch in Kurzgr\u00f6\u00dfen, Langgr\u00f6\u00dfen und \u00dcbergr\u00f6\u00dfen erh\u00e4ltlich<\/em><\/p>\n<h3>Sch\u00f6ffel Appenzell Men \u2013 Thermo Jacke<\/h3>\n<p>Ein Highlight im kommenden Winter ist diese Jacke. Gef\u00fcllt mit Primaloft-Silver-Insulation 100 % Eco bietet sie nahezu ungesteppt beste W\u00e4rmeleistung mit perfekter Passform. Die Winterjacke eignet sich die Isolierjacke perfekt f\u00fcr Skitouren oder Winterwanderungen. An sehr kalten Tagen wird sie in Kombi mit der \u201eThermo Shorts Val D Isere\u201c zum optimalen Isolieroutfit.<\/p>\n<div id=\"attachment_12117\" style=\"width: 360px\" class=\"wp-caption alignnone\"><a href=\"https:\/\/www.outdoor-renner.de\/blog\/wp-content\/uploads\/2019\/03\/sch\u00f6ffel-winterjacke-appenzell.jpg\"><picture><source srcset=\"https:\/\/www.outdoor-renner.de\/blog\/wp-content\/uploads\/2019\/03\/sch\u00f6ffel-winterjacke-appenzell.webp 350w,https:\/\/www.outdoor-renner.de\/blog\/wp-content\/uploads\/2019\/03\/sch\u00f6ffel-winterjacke-appenzell-235x300.webp 235w\" sizes=\"(max-width: 350px) 100vw, 350px\" type=\"image\/webp\"><img src=\"https:\/\/www.outdoor-renner.de\/blog\/wp-content\/uploads\/2019\/03\/sch\u00f6ffel-winterjacke-appenzell.jpg\" height=\"447\" width=\"350\" srcset=\"https:\/\/www.outdoor-renner.de\/blog\/wp-content\/uploads\/2019\/03\/sch\u00f6ffel-winterjacke-appenzell.jpg 350w, https:\/\/www.outdoor-renner.de\/blog\/wp-content\/uploads\/2019\/03\/sch\u00f6ffel-winterjacke-appenzell-235x300.jpg 235w\" sizes=\"(max-width: 350px) 100vw, 350px\" class=\"size-full wp-image-12117 sp-no-webp\" alt=\"\" decoding=\"async\" aria-describedby=\"caption-attachment-12117\"  > <\/picture><\/a><p id=\"caption-attachment-12117\" class=\"wp-caption-text\"><em>Sch\u00f6ffel Appenzell &#8211; Herren Winterjacke<\/em><\/p><\/div>\n<p>Funktion hat auch f\u00fcr die modisch orientierten Kollektionen der klassischen Skimode-Marken h\u00f6chste Priorit\u00e4t. \u201e<em>Tragekomfort, Performance und Mode gilt es stets zu vereinen. Die Auswahl der Materialien folgt dem Credo: Mode bei voller Funktion\u201c,<\/em> bringt es die Sch\u00f6ffel-Designerin Sabrina Kramer auf den Punkt. Winddichte, wasserdichte und atmungsaktive Materialien sowie Top-Isolationen gen\u00fcgen modisch und funktionell allen Anspr\u00fcchen. Dank neuer Technologien und Weiterentwicklungen werden die Stoffe immer leichter, atmungsaktiver und witterungsbest\u00e4ndiger. Vier-Wege-Stretch, dehnf\u00e4hige Wattierungen und Laminate erm\u00f6glichen moderne Schnitte und maximale Bewegungsfreiheit auf der Piste.<\/p>\n<h2>Neuheiten und Trends von Maier-Sports<\/h2>\n<p>Um wichtige Trends aus Mode, Lifestyle und Sport aufzugreifen, hat Maier Sports sogar eine eigene Linie ins Leben gerufen, die den Designern viel kreativen Freiraum l\u00e4sst. Hier zeigen sich die Damen absolut ladylike: feminine Silhouetten, gepaart mit Glamour in Form von elegantem Ros\u00e9gold bei Rei\u00dfverschl\u00fcssen, Logo und anderen Details. Grunds\u00e4tzlich kommt viel Glanz auf die Piste: Angefangen beim Metallic-Look bei Jacken bis hin zu Rei\u00dfverschl\u00fcssen, die durch ihre metallische Optik zu glanzvollen Deko-Elementen werden.<\/p>\n<div id=\"attachment_12141\" style=\"width: 310px\" class=\"wp-caption alignleft\"><a href=\"https:\/\/www.outdoor-renner.de\/blog\/wp-content\/uploads\/2019\/03\/spirit-maier-sports.jpg\"><picture><source srcset=\"https:\/\/www.outdoor-renner.de\/blog\/wp-content\/uploads\/2019\/03\/spirit-maier-sports.webp 300w,https:\/\/www.outdoor-renner.de\/blog\/wp-content\/uploads\/2019\/03\/spirit-maier-sports-236x300.webp 236w\" sizes=\"(max-width: 300px) 100vw, 300px\" type=\"image\/webp\"><img src=\"https:\/\/www.outdoor-renner.de\/blog\/wp-content\/uploads\/2019\/03\/spirit-maier-sports.jpg\" height=\"381\" width=\"300\" srcset=\"https:\/\/www.outdoor-renner.de\/blog\/wp-content\/uploads\/2019\/03\/spirit-maier-sports.jpg 300w, https:\/\/www.outdoor-renner.de\/blog\/wp-content\/uploads\/2019\/03\/spirit-maier-sports-236x300.jpg 236w\" sizes=\"(max-width: 300px) 100vw, 300px\" class=\"wp-image-12141 size-full sp-no-webp\" alt=\"Neu bei Maier Sports: Die Spirit Kollektion... perfekte Passform und modische Farben\" decoding=\"async\" aria-describedby=\"caption-attachment-12141\"  > <\/picture><\/a><p id=\"caption-attachment-12141\" class=\"wp-caption-text\"><em>Neu bei Maier Sports: Die Spirit Kollektion&#8230; perfekte Passform und modische Farben<\/em><\/p><\/div>\n<h3>Maier Sports \u2013 Spirit \u2013 Die neue modische Damen Skijacke<\/h3>\n<p>Bei der \u201eSpirit\u201c-Damenlinie zeigt sich der Glamour-Aspekt in Ros\u00e9-Gold und kommt bei Rei\u00dfverschl\u00fcssen, Logo und anderen Details zum Einsatz. Ein zweites wichtiges Thema hei\u00dft Denim.<\/p>\n<p>Die Designer haben dazu auf dem Jacken- und Hosenstoff allover oder partiell einen Jeansdruck angebracht. Auch die N\u00e4hte und Kn\u00f6pfe zeigen sich von der Jeansmode inspiriert. Trotz Fashion kommt die Funktion in dieser Kollektion nicht zu kurz. Die edle Skijacke \u201eStatement Piece W\u201c passt und macht eine tolle Figur.<\/p>\n<h3>Spirit Herren \u2013 Highlight der Maier Kollektion<\/h3>\n<p>Bei den M\u00e4nnern dominieren maskuline Schnitte und ein dezentes sportives Design. Die Akzente setzen leuchtende Neo-Colour-Details, die als Blitzer die Blicke auf sich ziehen. Wer Wert auf den absoluten Flash legt, kann mit der \u201eNeo\u201c-Pants ein Ausrufezeichen setzen. Komplett in Neo-Orange sind die coolen Ski-Pants ein Hingucker.<\/p>\n<p>Wer\u2019s dezenter mag, w\u00e4hlt sie in der Farbe \u201eNight Sky\u201c oder Schwarz. Hier zeigt sich das Neo-Orange als minimalistisches Detail. Die passende dynamische Skijacke \u201eFluorine M\u201c setzt mit starken Details ein Statement.<\/p>\n<p><em>Maier Sports ist auch in \u00dcbergr\u00f6\u00dfen erh\u00e4ltlich (Skihosen auch in Langgr\u00f6\u00dfen und Kurzgr\u00f6\u00dfen)<\/em><\/p>\n<h2>Scott Skiwear &#8211; Alle Neuheiten<\/h2>\n<h3>Das neue Vertic GTX 3L Stretch Outfit \u2013 geschaffen, um die Elemente zu bezwingen.<\/h3>\n<p>Dieses au\u00dfergew\u00f6hnliche Outfit (Skijacke und Skihose) ist die technischste Freeride-Kombination in der neuen Kollektion. Die robuste, wasserdichte Jacke aus Drei-Lagen-Gore-Tex sch\u00fctzt durch ihren hohen Kragen und die helmtaugliche Kapuze besonders zuverl\u00e4ssig. Das minimalistische Design und die dezente Farbgebung verstecken die funktionellen Features hinter einem cleanen \u00c4u\u00dferen. Dennoch bietet diese Jacke beste Performance. Strategisch platzierte Gore-Tex-Stretch-Eins\u00e4tze bieten ultimative Bewegungsfreiheit. So ausger\u00fcstet wird es ein Leichtes, die Elemente zu bezwingen.<\/p>\n<p><em>Gr\u00f6\u00dfen: S-XXL<\/em><\/p>\n<p><strong>Produktdetails:<\/strong><\/p>\n<p>\u2022 Gore-Tex Performance-Bekleidung\u00a0mit Stretch-Technologie<\/p>\n<p>\u2022 Hoher Kragen mit Ventilations\u00f6ffnungen<\/p>\n<p>\u2022 Melange-Stoff f\u00fcr einzigartigen Griff und Farbgebung<\/p>\n<p>\u2022 Schneefang mit Interlock-System, um Jacke und Hose zu verbinden<\/p>\n<p>\u2022 Robustes Material an den Schultern, Rei\u00dfverschl\u00fcsse von YKK, vollvertapte N\u00e4hte, volle Unterarm-Bel\u00fcftung<\/p>\n<p><strong>Vorteile:<\/strong><\/p>\n<p>\u2022 Freeride-spezifische Features wie extrahoher Kragen und abnehmbarer hoher Bib-Hosenbund mit Tr\u00e4gern<\/p>\n<p>\u2022 Erh\u00f6hte Bewegungsfreiheit durch strategisch platzierte elastische Eins\u00e4tze<\/p>\n<p>\u2022 Robustes Obermaterial, um Wind und Wetter zu trotzen<\/p>\n<p>\u2022 Zeitloses, dezentes Design durch einen exklusiven Melange-Farbweg<\/p>\n<h2>Die Damen-Wintermodelle von Meindl vereinen Funktion und Mode<\/h2>\n<div id=\"attachment_12180\" style=\"width: 410px\" class=\"wp-caption alignright\"><a href=\"https:\/\/www.outdoor-renner.de\/blog\/wp-content\/uploads\/2019\/03\/meindl-M\u00e9ribel-Lady-GTX-winterschuhe-1.jpg\"><picture><source srcset=\"https:\/\/www.outdoor-renner.de\/blog\/wp-content\/uploads\/2019\/03\/meindl-M\u00e9ribel-Lady-GTX-winterschuhe-1.webp 400w,https:\/\/www.outdoor-renner.de\/blog\/wp-content\/uploads\/2019\/03\/meindl-M\u00e9ribel-Lady-GTX-winterschuhe-1-300x257.webp 300w\" sizes=\"(max-width: 400px) 100vw, 400px\" type=\"image\/webp\"><img src=\"https:\/\/www.outdoor-renner.de\/blog\/wp-content\/uploads\/2019\/03\/meindl-M\u00e9ribel-Lady-GTX-winterschuhe-1.jpg\" height=\"343\" width=\"400\" srcset=\"https:\/\/www.outdoor-renner.de\/blog\/wp-content\/uploads\/2019\/03\/meindl-M\u00e9ribel-Lady-GTX-winterschuhe-1.jpg 400w, https:\/\/www.outdoor-renner.de\/blog\/wp-content\/uploads\/2019\/03\/meindl-M\u00e9ribel-Lady-GTX-winterschuhe-1-300x257.jpg 300w\" sizes=\"(max-width: 400px) 100vw, 400px\" class=\"size-full wp-image-12180 sp-no-webp\" alt=\"Meindl Meribel \" decoding=\"async\" aria-describedby=\"caption-attachment-12180\"  > <\/picture><\/a><p id=\"caption-attachment-12180\" class=\"wp-caption-text\"><em>Der Meindl Meribel Lady mit Gore-Tex Membrane (GTX)<\/em><\/p><\/div>\n<p>Der \u201eM\u00e9ribel Lady GTX\u201c Winterstiefel sieht nicht nur gut aus, er h\u00e4lt durch die Kombination aus <a href=\"https:\/\/www.outdoor-renner.de\/blog\/was-ist-die-gore-tex-membrane.html\" data-wplink-edit=\"true\">Gore-Tex-Futter<\/a> und Webpelz in der kalten Jahreszeit auch garantiert warm und trocken. Mit der \u201eClassic Lite\u201c-Sohle von Vibram sorgt er zus\u00e4tzlich f\u00fcr guten Halt und optimale D\u00e4mpfung.<\/p>\n<p><a href=\"https:\/\/www.outdoor-renner.de\/schuhgroesse-umrechnung\/\"><em>Gr\u00f6\u00dfenlauf: Gr. 36-42 DE \/ UK: 5-9<\/em><\/a><\/p>\n<h2>Buff &#8211; Die Erfinder des nahtlosen Schlauchtuchs pr\u00e4sentieren neue Accessoires<\/h2>\n<p>Nach dem Erfolg der \u201eDryFlx\u201c-Produkte pr\u00e4sentiert Buff mit <em>\u201eDryFlx+\u201c<\/em> die Weiterentwicklung seiner Hightech-Accessoires. Das Material wurde speziell f\u00fcr kalte Monate entwickelt und garantiert selbst bei anspruchsvollen Bedingungen maximalen Komfort. Um dies zu gew\u00e4hrleisten, sind K\u00e4ltezonen an Stellen eingearbeitet, die einer besonderen W\u00e4rme bed\u00fcrfen. Die Kollektion beinhaltet extrem hochwertige M\u00fctzen, Schlaucht\u00fccher sowie Balaclavas und Headbands.<\/p>\n<p>Bei Buff basiert die Mikrofaserproduktion auf nachhaltigen Ressourcen \u2013 sprich aus Reprevezertifizierten, recycelten PET-Flaschen. Nachhaltigkeit lautet die Devise, weswegen der pische Neck- und Headwear-Spezialist ab sofort verst\u00e4rkt mit Primaloft zusammenarbeitet. Der Fleece-Stoff des amerikanischen Isolationsexperten besteht ebenfalls aus recycelten PET-Flaschen. Die Polar-Fleece-Produkte z\u00e4hlen zu den Bestsellern von Buff.<\/p>\n<p>Mit der \u201eMountain Collection\u201c zeigt die pische Brand, wie sehr ihr Herz f\u00fcr die Natur \u2013 vor allem die Berge \u2013 schl\u00e4gt. Dabei setzen das Original Buff sowie Polar Buff im markanten Bergdesign modische Akzente. Sowohl Wintersportler als auch Wanderliebhaber d\u00fcrfen in Zukunft zwischen ber\u00fchmten Gipfeln wie etwa dem Matterhorn, Mont Blanc oder der Zugspitze w\u00e4hlen. Der n\u00e4chste Trip in die Berge kann also kommen!<\/p>\n<div id=\"attachment_12170\" style=\"width: 610px\" class=\"wp-caption aligncenter\"><a href=\"https:\/\/www.outdoor-renner.de\/blog\/wp-content\/uploads\/2019\/03\/buff-tuch-dryflx-1.jpg\"><picture><source srcset=\"https:\/\/www.outdoor-renner.de\/blog\/wp-content\/uploads\/2019\/03\/buff-tuch-dryflx-1.webp 600w,https:\/\/www.outdoor-renner.de\/blog\/wp-content\/uploads\/2019\/03\/buff-tuch-dryflx-1-300x131.webp 300w\" sizes=\"(max-width: 600px) 100vw, 600px\" type=\"image\/webp\"><img src=\"https:\/\/www.outdoor-renner.de\/blog\/wp-content\/uploads\/2019\/03\/buff-tuch-dryflx-1.jpg\" height=\"262\" width=\"600\" srcset=\"https:\/\/www.outdoor-renner.de\/blog\/wp-content\/uploads\/2019\/03\/buff-tuch-dryflx-1.jpg 600w, https:\/\/www.outdoor-renner.de\/blog\/wp-content\/uploads\/2019\/03\/buff-tuch-dryflx-1-300x131.jpg 300w\" sizes=\"(max-width: 600px) 100vw, 600px\" class=\"wp-image-12170 size-full sp-no-webp\" alt=\"Die neue DryFlx Linie von Buff\" decoding=\"async\" aria-describedby=\"caption-attachment-12170\"  > <\/picture><\/a><p id=\"caption-attachment-12170\" class=\"wp-caption-text\"><em>Die neue DryFlx Linie von Buff<\/em><\/p><\/div>\n<h2>Pyana &#8211; Skibekleidung aus 100 % recycleten Materialien<\/h2>\n<div id=\"attachment_12186\" style=\"width: 410px\" class=\"wp-caption alignleft\"><a href=\"https:\/\/www.outdoor-renner.de\/blog\/wp-content\/uploads\/2019\/03\/pyuana-void-jacket-1.jpg\"><picture><source srcset=\"https:\/\/www.outdoor-renner.de\/blog\/wp-content\/uploads\/2019\/03\/pyuana-void-jacket-1.webp 400w,https:\/\/www.outdoor-renner.de\/blog\/wp-content\/uploads\/2019\/03\/pyuana-void-jacket-1-300x188.webp 300w\" sizes=\"(max-width: 400px) 100vw, 400px\" type=\"image\/webp\"><img src=\"https:\/\/www.outdoor-renner.de\/blog\/wp-content\/uploads\/2019\/03\/pyuana-void-jacket-1.jpg\" height=\"250\" width=\"400\" srcset=\"https:\/\/www.outdoor-renner.de\/blog\/wp-content\/uploads\/2019\/03\/pyuana-void-jacket-1.jpg 400w, https:\/\/www.outdoor-renner.de\/blog\/wp-content\/uploads\/2019\/03\/pyuana-void-jacket-1-300x188.jpg 300w\" sizes=\"(max-width: 400px) 100vw, 400px\" class=\"size-full wp-image-12186 sp-no-webp\" alt=\"Die neuen Jacken von Pyua - Void Jacket und Blister Damenjacke\" decoding=\"async\" aria-describedby=\"caption-attachment-12186\"  > <\/picture><\/a><p id=\"caption-attachment-12186\" class=\"wp-caption-text\"><em>Die neuen Jacken von Pyua &#8211; Void Jacket und Blister Damenjacke<\/em><\/p><\/div>\n<h3>Void Jacket f\u00fcr Herren<\/h3>\n<p>Mit Comfortemp-Thermo-Isolierung und ihrer Fiberball-Isolierung pr\u00e4sentiert Pyua die w\u00e4rmste vegane Jacke aus recycelten synthetischen Materialien. Comfortemps Isolation besteht aus recycelten PET-Flaschen und ist durch ihre Struktur und Eigenschaften einzigartig.<\/p>\n<p>Die Zwei-Lagen-Jacke ist ideal f\u00fcr den Spa\u00df auf der Piste geeignet und \u00fcberzeugt zudem durch einen dynamischen Schnitt. Dank praktischer Features wie abnehmbare Kapuze und Schneefang, Jacken-Hosen-Verlinkungssystem, Ventilationssystem und reflektierenden Details kann sie schnell an individuelle Bed\u00fcrfnisse angepasst werden.<\/p>\n<h3>Blister Damenjacke<\/h3>\n<p>Dieses Modell ist das Pendant f\u00fcr Damen. Auch sie besteht aus recycelten synthetischen Materialien und garantiert dank Comfortemp und ihrer Fiberball-Isolierung beste W\u00e4rmeleistung. Die zweilagige Jacke sorgt zudem mit einem figurbetonten Schnitt f\u00fcr Aufsehen auf der Piste. Weitere Features sind die schnell abnehmbare Kapuze und ein hochgeschnittener Stehkragen sowie Taschen mit w\u00e4rmendem Futter und elastischen B\u00fcndchen an den \u00c4rmeln.<\/p>\n<p>Gr\u00f6\u00dfen: S-XXL<\/p>\n<h2>Powderhorn steht f\u00fcr zeitlos moderne und urbane Premium-Sportswear<\/h2>\n<div id=\"attachment_12188\" style=\"width: 410px\" class=\"wp-caption alignright\"><a href=\"https:\/\/www.outdoor-renner.de\/blog\/wp-content\/uploads\/2019\/03\/powderhorn-2019-2020-1.jpg\"><picture><source srcset=\"https:\/\/www.outdoor-renner.de\/blog\/wp-content\/uploads\/2019\/03\/powderhorn-2019-2020-1.webp 400w,https:\/\/www.outdoor-renner.de\/blog\/wp-content\/uploads\/2019\/03\/powderhorn-2019-2020-1-300x168.webp 300w\" sizes=\"(max-width: 400px) 100vw, 400px\" type=\"image\/webp\"><img src=\"https:\/\/www.outdoor-renner.de\/blog\/wp-content\/uploads\/2019\/03\/powderhorn-2019-2020-1.jpg\" height=\"224\" width=\"400\" srcset=\"https:\/\/www.outdoor-renner.de\/blog\/wp-content\/uploads\/2019\/03\/powderhorn-2019-2020-1.jpg 400w, https:\/\/www.outdoor-renner.de\/blog\/wp-content\/uploads\/2019\/03\/powderhorn-2019-2020-1-300x168.jpg 300w\" sizes=\"(max-width: 400px) 100vw, 400px\" class=\"size-full wp-image-12188 sp-no-webp\" alt=\"Poderhorn Jacken und M\u00e4ntel Teton GTX, Tenton und die Original Leather Vest\" decoding=\"async\" aria-describedby=\"caption-attachment-12188\"  > <\/picture><\/a><p id=\"caption-attachment-12188\" class=\"wp-caption-text\"><em>Poderhorn Jacken und M\u00e4ntel Teton GTX, Tenton und die Original Leather Vest<\/em><\/p><\/div>\n<h3>Teton Daunenmantel mit Goretex (GTX)<\/h3>\n<p>Mit diesem Daunenmantel sind alle Modebewussten bestens f\u00fcr den Winter ger\u00fcstet. Aus Gore-Tex-Laminat und recycelten Daunen gefertigt, bietet das neue Modell mit Features wie etwa Brust- und Einschubtaschen oder einer verstellbaren Kapuze viel Komfort, ohne auf Style zu verzichten.<\/p>\n<h3>Teton Wind River Parka<\/h3>\n<p>Konzipiert f\u00fcr W\u00e4rme und Schutz in der k\u00e4ltesten Jahreszeit, vereint der Parka zeitlosen Style und urbanes Design. Damit meistert Mann jede Herausforderung. Als perfekte Wahl f\u00fcr Outdoor-Aktivit\u00e4ten kombiniert er eine Isolierung aus recycelten Daunen mit einem robusten Oberstoff.<\/p>\n<h3>Original Leather Vest<\/h3>\n<p>Seit 1972 ist diese Weste aus der Original-Kollektion ein Symbol f\u00fcr die gro\u00dfe Tradition von Powderhorn. Die hochwertige, robuste Daunenweste mit ihren charakteristischen Lederbes\u00e4tzen an der Schulterpartie ist das Herzst\u00fcck der Marke mit Ursprung in Jackson Hole.<\/p>\n<h2>Millet &#8211; Skihosen und Skijacken mit bester Performance f\u00fcr Liebhaber der Vertikalen<\/h2>\n<div id=\"attachment_12163\" style=\"width: 322px\" class=\"wp-caption alignleft\"><a href=\"https:\/\/www.outdoor-renner.de\/blog\/wp-content\/uploads\/2019\/03\/milltet-jacket-1.jpg\"><picture><source srcset=\"https:\/\/www.outdoor-renner.de\/blog\/wp-content\/uploads\/2019\/03\/milltet-jacket-1.webp 312w,https:\/\/www.outdoor-renner.de\/blog\/wp-content\/uploads\/2019\/03\/milltet-jacket-1-232x300.webp 232w\" sizes=\"(max-width: 312px) 100vw, 312px\" type=\"image\/webp\"><img src=\"https:\/\/www.outdoor-renner.de\/blog\/wp-content\/uploads\/2019\/03\/milltet-jacket-1.jpg\" height=\"404\" width=\"312\" srcset=\"https:\/\/www.outdoor-renner.de\/blog\/wp-content\/uploads\/2019\/03\/milltet-jacket-1.jpg 312w, https:\/\/www.outdoor-renner.de\/blog\/wp-content\/uploads\/2019\/03\/milltet-jacket-1-232x300.jpg 232w\" sizes=\"(max-width: 312px) 100vw, 312px\" class=\"size-full wp-image-12163 sp-no-webp\" alt=\"Neu bei Millet: die TrigologyV Icon Dueal GTX Pro Jacket\" decoding=\"async\" aria-describedby=\"caption-attachment-12163\"  > <\/picture><\/a><p id=\"caption-attachment-12163\" class=\"wp-caption-text\"><em>Neu bei Millet: die TrigologyV Icon Dueal GTX Pro Jacket<\/em><\/p><\/div>\n<h3>Trigolgy V Icon Dual GTX Pro Jacket &#8211; Herren und Damen<\/h3>\n<p>Eine Hommage an den Bergsport: Als Spitze der alpinen Bergausr\u00fcstung, angelehnt an die historischen Solo-Winterbesteigungen der drei Nordw\u00e4nde Eiger, Matterhorn und Grandes Jorasses im Jahr 1987, steht die \u201eTrilogy\u201c- Kollektion f\u00fcr Performance auf h\u00f6chstem Level.<\/p>\n<p>Die Jacke ist strapazierf\u00e4hig, leicht und funktional und eignet sich somit ideal f\u00fcr Aktivit\u00e4ten wie Skibergsteigen und Klettern.<\/p>\n<h3>Elevation Airloft Hoody &#8211; Lady und Men<\/h3>\n<p>Minimalistisch und dennoch \u00e4u\u00dferst robust \u2013 der Hoodie ist ein Leichtgewicht, das aufgrund der Polartec Power Fill-Isolation angenehme W\u00e4rme, Bewegungsfreiheit und Atmungsaktivit\u00e4t garantiert und mit der Ripstop-Struktur f\u00fcr eine hohe Abriebfestigkeit sorgt.<\/p>\n<p>Zudem ist der Hoodie mit zwei Seitentaschen, einer Brusttasche sowie einer helmkompatiblen Kapuze ausgestattet. Ein perfekter Begleiter f\u00fcr anspruchsvolles Terrain.<\/p>\n<h3>Touring Speed XCS Hoodie<\/h3>\n<p>Ultraleicht, atmungsaktiv und temperaturregulierend: Dieser Hoodie ist f\u00fcr schnelle Aufstiege und rasante Abfahrten gemacht.<\/p>\n<p>Durch die k\u00f6rpernahe Passform, kombiniert mit Vier-Wege-Stretchmaterial, verspricht er maximale Bewegungsfreiheit bei Skitouren und eignet sich dank der Polartec Alpha-Isolierung ideal f\u00fcr einen intensiven Einsatz am Berg.<\/p>\n<h2>Helly Hansen &#8211; Trends und Neuheiten &#8211; Beste Performance, auf die die Profis vertrauen<\/h2>\n<div id=\"attachment_12167\" style=\"width: 305px\" class=\"wp-caption alignright\"><a href=\"https:\/\/www.outdoor-renner.de\/blog\/wp-content\/uploads\/2019\/03\/helly-hansen-1.jpg\"><picture><source srcset=\"https:\/\/www.outdoor-renner.de\/blog\/wp-content\/uploads\/2019\/03\/helly-hansen-1.webp 295w,https:\/\/www.outdoor-renner.de\/blog\/wp-content\/uploads\/2019\/03\/helly-hansen-1-251x300.webp 251w\" sizes=\"(max-width: 295px) 100vw, 295px\" type=\"image\/webp\"><img src=\"https:\/\/www.outdoor-renner.de\/blog\/wp-content\/uploads\/2019\/03\/helly-hansen-1.jpg\" height=\"352\" width=\"295\" srcset=\"https:\/\/www.outdoor-renner.de\/blog\/wp-content\/uploads\/2019\/03\/helly-hansen-1.jpg 295w, https:\/\/www.outdoor-renner.de\/blog\/wp-content\/uploads\/2019\/03\/helly-hansen-1-251x300.jpg 251w\" sizes=\"(max-width: 295px) 100vw, 295px\" class=\"size-full wp-image-12167 sp-no-webp\" alt=\"Die neue Jacke von Helly Hansen: Lifaloft Hooded Stretch Insulator Jacket\" decoding=\"async\" aria-describedby=\"caption-attachment-12167\"  > <\/picture><\/a><p id=\"caption-attachment-12167\" class=\"wp-caption-text\"><em>Die neue Jacke von Helly Hansen: Lifaloft Hooded Stretch Insulator Jacket<\/em><\/p><\/div>\n<h3>Whitewall Lifaloft Jacket f\u00fcr Damen<\/h3>\n<p>Die Jacke kommt in einer l\u00e4ngeren Silhouette f\u00fcr Damen und punktet mit Taschen, in denen sich die Backcountry-Sicherheitsausr\u00fcstung leicht verstauen l\u00e4sst. Die 80 g Lifaloft-Isolation verleiht der Freeride-Jacke einen schlanken Look und sorgt f\u00fcr mehr W\u00e4rme bei weniger Gewicht. Hi-Vis-Details und die \u201eLife Pocket\u201c, die den Akku des Smartphones schont, geh\u00f6ren zur Ausstattung der Jacke.<\/p>\n<h3>Lifaloft Hooded Stretch Insulator Jacket &#8211; Damenjacke<\/h3>\n<p>Die Funktionsjacke f\u00fcr Damen und Herren kommt mit elastischen und luftdurchl\u00e4ssigen Stoffen, glatten Fleece-Eins\u00e4tzen und 80 g Lifaloft Stretch-Isolierung. Es ist die optimale Schicht f\u00fcr jede intensive Aktivit\u00e4t im Winter, eignet sich perfekt f\u00fcr alle Backcountry-Skitouren und bietet sowohl Mobilit\u00e4t als auch Komfort und Atmungsaktivit\u00e4t.<\/p>\n<h3>Lifaloft Insulated Shirt Jacket<\/h3>\n<p>Helly Hansens \u201eFjord til Fjell\u201c-Lifestyle-Kollektion pr\u00e4sentiert sich mit stilsicherer Performance. Das neue Modell f\u00fcr Damen und Herren verbindet die sch\u00f6nen Eigenschaften von Flanell mit Helly Hansens Masterpiece: der Insulation by Primaloft. Lifaloft-Fasern bieten mehr W\u00e4rme bei weniger Gewicht und Packma\u00df \u2013 perfekt f\u00fcr Natur, Reisen und winterliche Outdoor-Aktivit\u00e4ten.<\/p>\n<h2>Killtec und GIGA DX Neuheiten &#8211; Skijacken und Skihosen mit viel Farbe<\/h2>\n<a href=\"https:\/\/www.outdoor-renner.de\/killtec\/\"><img decoding=\"async\" class=\"alignleft\" title=\"Killtec anzeigen\" src=\"https:\/\/www.outdoor-renner.de\/out\/pictures\/generated\/vendor\/icon\/250_250_75\/killtec_logo.jpg\" alt=\"Killtec Online Shop\" width=\"250\" height=\"125\" \/><\/a>\n<p>Nach dem Motto \u201eAlles ist erlaubt\u201c darf in der kommenden Saison <a href=\"https:\/\/www.outdoor-renner.de\/killtec\/\">bei Killtec und G.I.G.A. DX<\/a> nach Lust und Laune gemixt werden. Zu sehen sind beispielsweise einfarbige Teile in knalligen Farben kombiniert mit Allovers. Design-Favorit ist Colorblocking, Camouflage ist einmal wieder Print-Trend. Neu sind von Camouflage inspirierte geometrische Muster, die als Fashion-Detail inszeniert werden.<\/p>\n<p>Ebenso feiern retro-inspirierte Designs wie Streifenmuster oder auch farbige Eins\u00e4tze ein Comeback. Modisch auf der H\u00f6he sind Streifen, die als dekorative Rallyestreifen auf Skijacken und -hosen zu finden sind, umgesetzt unter anderen mit Ripsb\u00e4ndern. Ein Dauerbrenner sind Denim-Optiken. Dank innovativer Materialtechnologien lassen sich jeanstypische Fade-out-Effekte, Waschungen und sogar verschlissene Stoffe auf den ersten Blick kaum vom Original unterscheiden.<\/p>\n<h4>Neuheiten von Ziener &#8211; Neueste Verarbeitungstechniken, hochwertige Materialien und Style<\/h4>\n<div id=\"attachment_12184\" style=\"width: 340px\" class=\"wp-caption alignleft\"><a href=\"https:\/\/www.outdoor-renner.de\/blog\/wp-content\/uploads\/2019\/03\/ziener-tucannon-herren-1.jpg\"><picture><source srcset=\"https:\/\/www.outdoor-renner.de\/blog\/wp-content\/uploads\/2019\/03\/ziener-tucannon-herren-1.webp 330w,https:\/\/www.outdoor-renner.de\/blog\/wp-content\/uploads\/2019\/03\/ziener-tucannon-herren-1-259x300.webp 259w\" sizes=\"(max-width: 330px) 100vw, 330px\" type=\"image\/webp\"><img src=\"https:\/\/www.outdoor-renner.de\/blog\/wp-content\/uploads\/2019\/03\/ziener-tucannon-herren-1.jpg\" height=\"382\" width=\"330\" srcset=\"https:\/\/www.outdoor-renner.de\/blog\/wp-content\/uploads\/2019\/03\/ziener-tucannon-herren-1.jpg 330w, https:\/\/www.outdoor-renner.de\/blog\/wp-content\/uploads\/2019\/03\/ziener-tucannon-herren-1-259x300.jpg 259w\" sizes=\"(max-width: 330px) 100vw, 330px\" class=\"size-full wp-image-12184 sp-no-webp\" alt=\"Die neue Skijacke von Ziener: Tucannon Man Jacket\" decoding=\"async\" aria-describedby=\"caption-attachment-12184\"  > <\/picture><\/a><p id=\"caption-attachment-12184\" class=\"wp-caption-text\">Die neue Skijacke von Ziener: Tucannon Man Jacket<\/p><\/div>\n<h3>Tucannon Herrenskijacke<\/h3>\n<p>Die hochfunktionelle Herrenskijacke \u201eTucannon Man\u201c besitzt eine von innen geklebte Steppung, wodurch auf Steppn\u00e4hte verzichtet wird. Sie ist mit der wasser- und winddichten sowie atmungsaktiven Dermizax-Membran ausgestattet (Wassers\u00e4ule 20.000mm\/Atmungsaktivit\u00e4t 10.000g\/m2\/24h). Das elastische Futter sorgt f\u00fcr maximale Bewegungsfreiheit auf der Piste. Ein weiteres Feature ist die abnehmbare Kapuze.<\/p>\n<h3>Tamine Lady &#8211; Damenskijacke<\/h3>\n<p>Tr\u00e8s chic: Die Skijacke \u00fcberzeugt nicht nur durch einen femininen Schnitt \u2013 sie verf\u00fcgt auch \u00fcber elastische, formstabile Strickeins\u00e4tze von \u201eHero\u201c-Textil f\u00fcr maximale Bewegungsfreiheit. Die Primaloft-Wattierung h\u00e4lt angenehm warm, ohne dass man ins Schwitzen kommt. Die Kapuze ist abnehm- und verstellbar. Dank des elastischen Futters k\u00f6nnen sich die Ladies auf der Piste richtig austoben.<\/p>\n<h2>Bergans of Norway &#8211;\u00a0\u201eBelieve in tomorrow \u2013 explore today\u201c, lautet das Motto<\/h2>\n<h3>Stranda 2L Funktionsjacke<\/h3>\n<p>Die Jacke sowie die gesamte Kollektion besteht aus einem aus Recyclingmaterialien gesponnenen Garn und wird mit dem umweltschonenden Spindye-Prozess gef\u00e4rbt, der den Wasser- und Chemikalienverbrauch deutlich reduziert. Die Bergans \u201eElement Active\u201c-Membran ist winddicht, wasserdicht und atmungsaktiv. Dank Vier-Wege-Stretch garantiert die Jacke optimale Bewegungsfreiheit. W\u00e4hrend der hohe Kragen und der abnehmbare Schneefang vor kaltem Schnee sch\u00fctzen, ist der Recco-Reflektor an der Kapuze ist ein weiteres, smartes Detail.<\/p>\n<p><em>Gr\u00f6\u00dfen: S-XXL<\/em><\/p>\n<div id=\"attachment_12172\" style=\"width: 410px\" class=\"wp-caption alignleft\"><a href=\"https:\/\/www.outdoor-renner.de\/blog\/wp-content\/uploads\/2019\/03\/bergans-of-norway-stranda-1.jpg\"><picture><source srcset=\"https:\/\/www.outdoor-renner.de\/blog\/wp-content\/uploads\/2019\/03\/bergans-of-norway-stranda-1.webp 400w,https:\/\/www.outdoor-renner.de\/blog\/wp-content\/uploads\/2019\/03\/bergans-of-norway-stranda-1-295x300.webp 295w\" sizes=\"(max-width: 400px) 100vw, 400px\" type=\"image\/webp\"><img src=\"https:\/\/www.outdoor-renner.de\/blog\/wp-content\/uploads\/2019\/03\/bergans-of-norway-stranda-1.jpg\" height=\"407\" width=\"400\" srcset=\"https:\/\/www.outdoor-renner.de\/blog\/wp-content\/uploads\/2019\/03\/bergans-of-norway-stranda-1.jpg 400w, https:\/\/www.outdoor-renner.de\/blog\/wp-content\/uploads\/2019\/03\/bergans-of-norway-stranda-1-295x300.jpg 295w\" sizes=\"(max-width: 400px) 100vw, 400px\" class=\"size-full wp-image-12172 sp-no-webp\" alt=\"Die Jacken Stranda 2L Jacket, Oppdal 2L und Myrkddalen von Bergans of Norway\" decoding=\"async\" aria-describedby=\"caption-attachment-12172\"  > <\/picture><\/a><p id=\"caption-attachment-12172\" class=\"wp-caption-text\"><em>Die Jacken Stranda 2L Jacket, Oppdal 2L und Myrkddalen von Bergans of Norway<\/em><\/p><\/div>\n<h3>Oppdal 2L Jacket<\/h3>\n<p>Der Bergans-Klassiker pr\u00e4sentiert sich in einem neuen, dreifarbigen Look. Die zweilagige Skijacke eignet sich perfekt f\u00fcr mittel- bis hochintensive Aktivit\u00e4ten unter anspruchsvollen Wetterbedingungen.<\/p>\n<p>Ausgestattet mit Vier-Wege-Stretch, Pit-Zips unter den Armen, Recco-Reflektor, verstellbarer Kapuze, vorgeformter Ellbogenpartie und abnehmbarem Schneefang bietet sie h\u00f6chsten Tragekomfort. Sowohl das Au\u00dfenmaterial als auch das Innenfutter sind Bluesign-zertifiziert.<\/p>\n<h3>Myrkadelen Insulatiot Jacket<\/h3>\n<p>Diese Farbkombi ist nicht zu \u00fcbersehen! Die etwas l\u00e4nger geschnittene Jacke ist sowohl beim Freeriden als auch auf der Piste ein Hingucker. Ausgestattet mit einer zweilagigen Dermizax-Membran und \u201eArticInsulation\u201c h\u00e4lt sie trocken und warm.<\/p>\n<p>Zudem sorgt ein Zwei-Wege-Stretch f\u00fcr Bewegungsfreiheit. Weitere Features sind Pit-Zips unter den Armen, verstellbare Kapuze, Zwei-Wege-Rei\u00dfverschluss, Recco-Reflektor, vorgeformte Ellbogenpartien und abnehmbarer Schneefang.<\/p>\n<p><em>Gr\u00f6\u00dfen: S-XXL<\/em><\/p>\n<h2>Diehlsport &#8211;\u00a0Die 1992 gegr\u00fcndete Marke steht f\u00fcr modische Kollektionen und Top-Funktion<\/h2>\n<div id=\"attachment_12158\" style=\"width: 393px\" class=\"wp-caption alignright\"><a href=\"https:\/\/www.outdoor-renner.de\/blog\/wp-content\/uploads\/2019\/03\/dielsport-news.jpg\"><picture><source srcset=\"https:\/\/www.outdoor-renner.de\/blog\/wp-content\/uploads\/2019\/03\/dielsport-news.webp 383w,https:\/\/www.outdoor-renner.de\/blog\/wp-content\/uploads\/2019\/03\/dielsport-news-300x188.webp 300w\" sizes=\"(max-width: 383px) 100vw, 383px\" type=\"image\/webp\"><img src=\"https:\/\/www.outdoor-renner.de\/blog\/wp-content\/uploads\/2019\/03\/dielsport-news.jpg\" height=\"240\" width=\"383\" srcset=\"https:\/\/www.outdoor-renner.de\/blog\/wp-content\/uploads\/2019\/03\/dielsport-news.jpg 383w, https:\/\/www.outdoor-renner.de\/blog\/wp-content\/uploads\/2019\/03\/dielsport-news-300x188.jpg 300w\" sizes=\"(max-width: 383px) 100vw, 383px\" class=\"size-full wp-image-12158 sp-no-webp\" alt=\"Diehlsport kommt mit einer neuen modischen Skikollektion f\u00fcr das Jahr 2019 \/ 2020\" decoding=\"async\" aria-describedby=\"caption-attachment-12158\"  > <\/picture><\/a><p id=\"caption-attachment-12158\" class=\"wp-caption-text\"><em>Diehlsport kommt mit einer neuen modischen Skikollektion f\u00fcr das kommende Jahr<\/em><\/p><\/div>\n<h3>Diehlsport Maverick &#8211; Skijacke f\u00fcr M\u00e4nner<\/h3>\n<p>Die Flagschiff-Serie f\u00fcr M\u00e4nner ist mit hochwertigen Komponenten und Materialien wie dem \u00fcberragenden Dermizax EV von Toray, 3M Thinsulate und vielem mehr ausgestattet. Mit praktischen Funktionselementen und raffiniertem Look sind alle Modelle der \u201eMagnitude Linie\u201c eine perfekte Winterwahl f\u00fcr Berg und Stadt.<\/p>\n<h3>Fabia Skijacke f\u00fcr Damen<\/h3>\n<p>Die \u201eFlash Linie\u201c bietet viel Style und Eleganz f\u00fcr die Piste, ohne auf Sicherheit, Komfort und Funktion zu verzichten. Hergestellt aus hochwertigen, elastischen Materialien, ausgestattet mit innovativen Technologien und kombiniert mit eleganten Schnitten und dezenten Erdt\u00f6nen ist diese Serie die erste Wahl f\u00fcr modische Frauen.<\/p>\n<h2>Sybil &#8211; Skibekleidung<\/h2>\n<p>Die \u201eSki Spirit Serie\u201c l\u00e4dt ein zu unbeschwerter Schnee-Action ohne R\u00fccksicht auf k\u00fchles Wetter. Multistretchgewebe, edle Schnitte und verf\u00fchrerische Designelemente verbinden sich mit Langlebigkeit und Funktionalit\u00e4t f\u00fcr vollen Komfort und Schutz auf den Pisten, sowohl tags\u00fcber als auch nachts.<\/p>\n<h2>Devold: Seit mehr als 160 Jahren ist Devold aus Norwegen Spezialist f\u00fcr Bekleidung aus Wolle und Merino-Wolle<\/h2>\n<div id=\"attachment_12189\" style=\"width: 238px\" class=\"wp-caption alignleft\"><a href=\"https:\/\/www.outdoor-renner.de\/blog\/wp-content\/uploads\/2019\/03\/devold-merio-wolle-1.jpg\"><picture><source srcset=\"https:\/\/www.outdoor-renner.de\/blog\/wp-content\/uploads\/2019\/03\/devold-merio-wolle-1.webp \"  type=\"image\/webp\"><img src=\"https:\/\/www.outdoor-renner.de\/blog\/wp-content\/uploads\/2019\/03\/devold-merio-wolle-1.jpg\" height=\"233\" width=\"228\" class=\"size-full wp-image-12189 sp-no-webp\" alt=\"Die neue Merino-Kollektion von Devold: Design und Tradtion vereint\" decoding=\"async\" aria-describedby=\"caption-attachment-12189\"  > <\/picture><\/a><p id=\"caption-attachment-12189\" class=\"wp-caption-text\"><em>Die neue Merino-Kollektion von Devold: Design und Tradtion vereint<\/em><\/p><\/div>\n<h3>Devold Originals Norsjo Crew Neck &#8211; Outdoor Sweater<\/h3>\n<p><a href=\"https:\/\/www.anwalt-advertising.de\/leistungen\/ihre-kanzleiseite\/\">Modernes Design<\/a>, gedeckte Farben und 100 Prozent Schurwolle \u2013 die neuen Sweater des Outdoor-Labels verbinden Tradition und Moderne. Der klassischsportive Look macht das Modell zum perfekten Begleiter f\u00fcr die Freizeit und h\u00e4lt besonders an kalten Tagen angenehm warm.<\/p>\n<h3>Devold Originals Nansen Zip Cardigan Jacke<\/h3>\n<p>Nansen steht f\u00fcr Devolds Tradition und Geschichte. Urspr\u00fcnglich f\u00fcr Fischer und Arbeiter entwickelt, die den harschen Bedingungen an der norwegischen K\u00fcste trotzen mussten. Heute ist er ein beliebter Freizeitbegleiter f\u00fcr kalte Tage.<\/p>\n<h3>Devold Signature Liadalsnipa &#8211; Merino-Kollektion<\/h3>\n<p>Modernes Design trifft auf Tradition \u2013 an dieses Motto ist die neue \u201eLiadalsnipa\u201c-Linie angelehnt. Die Modelle sind aus 100 Prozent Merinowolle gefertigt und gew\u00e4hrleisten auch an besonders kalten Tagen einen optimalen Klimakomfort. Dabei sind ein von den klassischen Norwegermustern inspirierter Print und ein trendiger Schnitt kennzeichnend f\u00fcr diesen Baselayer.<\/p>\n<p>Das offenkantig verarbeitet Long-Jacket f\u00fcr Herren erf\u00fcllt alle W\u00fcnsche an einen urbanen Look. Der l\u00e4ssige Strick ist auf Softshell bondiert, was das Modell zudem winddicht und warm macht. Ein besonderer Eyecatcher ist die doppelte Leiste mit Lederanfassern und die Kapuze mit ihren markanten Kordeln.<\/p>\n<p>Die alpine Walkjacke mit nat\u00fcrlicher Wasserabweisung \u00fcberzeugt durch ihre alpine Optik. Besonders attraktiv sind dabei die dekorative Borte und herzf\u00f6rmige Patches in Vichy-Karo an den \u00c4rmeln. Features wie ein wind- und wasserdichtes Futter sowie ein wasserdichter Karo-Zipp sorgen f\u00fcr den funktionellen Aspekt.<\/p>\n<p><em>Gr\u00f6\u00dfen: S-XXL<\/em><\/p>\n<h2>Almgwand &#8211; Die ideale Verbindung von Tradition und Moderne<\/h2>\n<div id=\"attachment_12168\" style=\"width: 510px\" class=\"wp-caption alignright\"><a href=\"https:\/\/www.outdoor-renner.de\/blog\/wp-content\/uploads\/2019\/03\/almgwand-trends-1.jpg\"><picture><source srcset=\"https:\/\/www.outdoor-renner.de\/blog\/wp-content\/uploads\/2019\/03\/almgwand-trends-1.webp 500w,https:\/\/www.outdoor-renner.de\/blog\/wp-content\/uploads\/2019\/03\/almgwand-trends-1-300x148.webp 300w\" sizes=\"(max-width: 500px) 100vw, 500px\" type=\"image\/webp\"><img src=\"https:\/\/www.outdoor-renner.de\/blog\/wp-content\/uploads\/2019\/03\/almgwand-trends-1.jpg\" height=\"247\" width=\"500\" srcset=\"https:\/\/www.outdoor-renner.de\/blog\/wp-content\/uploads\/2019\/03\/almgwand-trends-1.jpg 500w, https:\/\/www.outdoor-renner.de\/blog\/wp-content\/uploads\/2019\/03\/almgwand-trends-1-300x148.jpg 300w\" sizes=\"(max-width: 500px) 100vw, 500px\" class=\"size-full wp-image-12168 sp-no-webp\" alt=\"Funktion im Trachtenlook: Almgwand verbindet Tradtion und Moderne: Die neuen Jacken Brandstein, Maiskogel, Hochk\u00f6pfel und Kreuzspitz\" decoding=\"async\" aria-describedby=\"caption-attachment-12168\"  > <\/picture><\/a><p id=\"caption-attachment-12168\" class=\"wp-caption-text\"><em>Funktion im Trachtenlook: Almgwand verbindet Tradtion und Moderne: Die neuen Jacken Brandstein, Maiskogel, Hochk\u00f6pfel und Kreuzspitz<\/em><\/p><\/div>\n<h3>Maiskogel und Hochk\u00f6pfel Damenjacke<\/h3>\n<p>In einer tollen Vintage-Optik pr\u00e4sentiert sich diese neue Damenjacke von Almgwand, wobei Details wie stilechte Loden-Badge und der dekorative Karo-Zipp besonders dekorativ sind. Durch ihre Mischung aus Wolle und Polyester ist die Jacke zudem winddicht, ein zus\u00e4tzliches Funktionsfutter h\u00e4lt sch\u00f6n warm. In der Lodenhose f\u00fcr Damen macht man allemal eine gute Figur. Das Material \u2013 eine Mischung aus Wolle, Polyamid und Elasthan \u2013 ist angenehm weich und verf\u00fcgt \u00fcber eine wasserabweisende Funktion. Dank ihres Innenfutters ist die Hose zudem winddicht. Die gro\u00dfen Seitentaschen sind ein l\u00e4ssiges Detail und runden die wertige Optik ab.<\/p>\n<h3>Brandstein Strickfleecejacke f\u00fcr Damen<\/h3>\n<p>Die alpine Walkjacke mit nat\u00fcrlicher Wasserabweisung \u00fcberzeugt durch ihre alpine Optik. Besonders attraktiv sind dabei die dekorative Borte und herzf\u00f6rmige Patches in Vichy-Karo an den \u00c4rmeln. Features wie ein wind- und wasserdichtes Futter sowie ein wasserdichter Karo-Zipp sorgen f\u00fcr den funktionellen Aspekt.<\/p>\n<h3>Kreuzspitz Herren Winterjacke<\/h3>\n<p>Das offenkantig verarbeitet Long-Jacket f\u00fcr Herren erf\u00fcllt alle W\u00fcnsche an einen urbanen Look. Der l\u00e4ssige Strick ist auf Softshell bondiert, was das Modell zudem winddicht und warm macht. Ein besonderer Eyecatcher ist die doppelte Leiste mit Lederanfassern und die Kapuze mit ihren markanten Kordeln.<\/p>\n<p><strong><em>Almgwand wird bei uns auch in \u00dcbergr\u00f6\u00dfen (einige Modelle) erh\u00e4ltlich sein<\/em><\/strong><\/p>\n<h2>Tentree &#8211; Zehn B\u00e4ume pflanzt das kanadische Label f\u00fcr jedes produzierte Bekleidungsteil<\/h2>\n<p>TenTrees planzt 10 B\u00e4ume je verkaufter Jacke oder Hose<\/p>\n<h3>Juniper Hoodie f\u00fcr Damen<\/h3>\n<p>Die B-Corp-zertifizierte Marke aus dem kanadischen Vancouver setzt konsequent auf nachhaltige Materialien. So kommt f\u00fcr das \u201eJuniper Hoodie\u201c ein Eco-Fleece aus 60 Prozent Bio-Baumwolle und 40 Prozent recyceltem Polyester zum Einsatz. Das Design mit den Baumwipfeln soll ein optisches Zeichen setzten und darauf hinweisen, dass Tentree bereits \u00fcber 25 Millionen B\u00e4ume gepflanzt hat. Bis 2030 sollen es eine Milliarde werden.<\/p>\n<h3>Logo Hoodie<\/h3>\n<p>Das Logo des Hoodies mit der stilisierten \u201e10\u201c ist ein wichtiges Thema in der Tentree-Kollektion und zeigt sich in unterschiedlichen Variationen. Entweder kommt das Markenzeichen \u2013 wie bei diesem ultraweichen Hoodie \u2013 als gro\u00dffl\u00e4chiger Eyecatcher zum Einsatz, oder es zeigt sich als dezenter Print. H\u00e4ufig ist es auch auf den Kork-Applikationen zu finden, die Tentree statt Leder verwendet, was ein cooles Statement abgibt.<\/p>\n<h3>Tentree Mantelkollektion<\/h3>\n<p>Neben Shirts, Hosen, Hoodies sowie einer Vielzahl an Caps bietet Tentree auch Outdoor-Jacken, die auf Reisen und in der Freizeit \u00fcberzeugen. Die Kanadier setzen dabei auf recyceltes Polyester, und auch die Membrane besteht zu einem gro\u00dfen Teil aus recyceltem Polyester. Die Impr\u00e4gnierung ist dabei 100 Prozent PFC-frei. Weitere wichtige Materialien bei Tentree sind Bio-Baumwolle, Hanf, Viskose und Kork.<\/p>\n<p><em>Gr\u00f6\u00dfen: S-XXL<\/em><\/p>\n<div id=\"attachment_12171\" style=\"width: 510px\" class=\"wp-caption aligncenter\"><a href=\"https:\/\/www.outdoor-renner.de\/blog\/wp-content\/uploads\/2019\/03\/tentree-jackets-1.jpg\"><picture><source srcset=\"https:\/\/www.outdoor-renner.de\/blog\/wp-content\/uploads\/2019\/03\/tentree-jackets-1.webp 500w,https:\/\/www.outdoor-renner.de\/blog\/wp-content\/uploads\/2019\/03\/tentree-jackets-1-300x140.webp 300w\" sizes=\"(max-width: 500px) 100vw, 500px\" type=\"image\/webp\"><img src=\"https:\/\/www.outdoor-renner.de\/blog\/wp-content\/uploads\/2019\/03\/tentree-jackets-1.jpg\" height=\"233\" width=\"500\" srcset=\"https:\/\/www.outdoor-renner.de\/blog\/wp-content\/uploads\/2019\/03\/tentree-jackets-1.jpg 500w, https:\/\/www.outdoor-renner.de\/blog\/wp-content\/uploads\/2019\/03\/tentree-jackets-1-300x140.jpg 300w\" sizes=\"(max-width: 500px) 100vw, 500px\" class=\"wp-image-12171 size-full sp-no-webp\" alt=\"TenTrees planzt 10 B\u00e4ume je verkaufter Jacke oder Hose\" decoding=\"async\" aria-describedby=\"caption-attachment-12171\"  > <\/picture><\/a><p id=\"caption-attachment-12171\" class=\"wp-caption-text\"><em>TenTrees planzt 10 B\u00e4ume je verkaufter Jacke oder Hose<\/em><\/p><\/div>\n<h2>Linea Primero &#8211;\u00a0Die neue Kollektion f\u00fcr modebewusste, sportlich aktive Menschen.<\/h2>\n<p><img decoding=\"async\" class=\"alignright\" src=\"https:\/\/www.outdoor-renner.de\/out\/pictures\/generated\/vendor\/icon\/250_250_75\/lineaprimero_logo.jpg\" alt=\"Shop von Linea Primero anzeigen\" \/>Floriane &#8211; Damen Winterjacke<\/p>\n<p>Wattierte Jacke mit edlem floralen Druckdesign. Das Innenfutter ist in gelber Kontrastfarbe gestaltet, die Zipper kommen in dezenter Metalloptik. Kapuze und Saum sind weitenverstellbar.<\/p>\n<h3>Elise &#8211; Strickjacke f\u00fcr Frauen<\/h3>\n<p>Jaquard-Strickjacke im Countrylook. Mit liebevollen Details wie Vichykaro in der Kapuze sowie gewebten B\u00e4ndern an der Kapuze und kleinen Kunstleder-Details.<\/p>\n<h3>Herren Strickjacke Falk<\/h3>\n<p>Dezent rustikale Airlayer-Jacke f\u00fcr Herren. Kleine alpenl\u00e4ndische Details wie die Einfassb\u00e4nder in Strickoptik sowie Patches und Zipperpuller aus Kunstleder runden den Look ab.<\/p>\n<h3>Ciara &#8211; Damenjacke im Hybrid Design<\/h3>\n<p>Die Materialmix-Jacke f\u00fcr Damen kombiniert weichen Feinstrick, der innen aufgeraut ist, mit wattiertem Nylon am Rumpf. Sch\u00f6n warm und stylisch zugleich.<\/p>\n<p><a href=\"https:\/\/www.outdoor-renner.de\/linea-primero\/\"><em>Linea Primero gibt es bei uns auch in Plus-Size Gr\u00f6\u00dfen!<\/em><\/a><\/p>\n<h2>Descente &#8211; Hochtechnische Features und besonders modische Highlights<\/h2>\n<div id=\"attachment_12187\" style=\"width: 410px\" class=\"wp-caption alignleft\"><a href=\"https:\/\/www.outdoor-renner.de\/blog\/wp-content\/uploads\/2019\/03\/descente-skiwear-1.jpg\"><picture><source srcset=\"https:\/\/www.outdoor-renner.de\/blog\/wp-content\/uploads\/2019\/03\/descente-skiwear-1.webp 400w,https:\/\/www.outdoor-renner.de\/blog\/wp-content\/uploads\/2019\/03\/descente-skiwear-1-300x149.webp 300w\" sizes=\"(max-width: 400px) 100vw, 400px\" type=\"image\/webp\"><img src=\"https:\/\/www.outdoor-renner.de\/blog\/wp-content\/uploads\/2019\/03\/descente-skiwear-1.jpg\" height=\"198\" width=\"400\" srcset=\"https:\/\/www.outdoor-renner.de\/blog\/wp-content\/uploads\/2019\/03\/descente-skiwear-1.jpg 400w, https:\/\/www.outdoor-renner.de\/blog\/wp-content\/uploads\/2019\/03\/descente-skiwear-1-300x149.jpg 300w\" sizes=\"(max-width: 400px) 100vw, 400px\" class=\"size-full wp-image-12187 sp-no-webp\" alt=\"Modische Highlights mit viel Technik von Descente: die Jacken Hana und X Schematech\" decoding=\"async\" aria-describedby=\"caption-attachment-12187\"  > <\/picture><\/a><p id=\"caption-attachment-12187\" class=\"wp-caption-text\"><em>Modische Highlights mit viel Technik von Descente: die Jacken Hana und X Schematech<\/em><\/p><\/div>\n<h3>S.I.O Schematech Isolation Boa Jacket<\/h3>\n<p>Eine v\u00f6llig neue Hybrid-Jacke mit der einzigartigen Schnittmustertechnik \u201eS.I.O.\u201c und ausgekl\u00fcgeltem Boa-Fit-System, die nahtlosen und uneingeschr\u00e4nkten Komfort, W\u00e4rme und Bewegungsfreiheit bietet. Descentes \u201eSchematech\u201c-Technologie erm\u00f6glicht zudem vielf\u00e4ltige Funktions\u00e4nderungen ohne Gewebewechsel. Die integrierten \u201eGrid Air\u201c-L\u00f6cher sorgen f\u00fcr Elastizit\u00e4t und erh\u00f6hen die Mobilit\u00e4t. Der \u201eS.I.O.\u201c-Musterzuschnitt minimiert die Zahl der Teile und N\u00e4hte und sorgt somit f\u00fcr bessere Wasserdichtigkeit und mehr Bewegungsfreiheit.<\/p>\n<h3>Jack Insulated Jacket f\u00fcr Damen und Herren<\/h3>\n<p>Ein schlankes, minimalistisches Design pr\u00e4gt diese Jacke aus 20K\/20K Dermizax Vier-Wege-Stretch-Material mit 3D-Schulterpolstern. Die Jacke verf\u00fcgt zudem \u00fcber eine Vielzahl von D-Laser-Applikationen und eine integrierte Gesichtsmaske. Durch die \u201eSuper DWR\u201c-Beschichtung weist das Modell eine f\u00fcnfmal h\u00f6here wasser- und schmutzabweisende Funktion als herk\u00f6mmliche Beschichtungen auf. \u201eHEAT NAVI\u201c, eine eigens entwickelte Descente-Technologie, wandelt Infrarotstrahlen der Sonne in W\u00e4rme um und speichert diese.<\/p>\n<h3>Hana Short Length Down Jacket &#8211; Damen Daunenjacke<\/h3>\n<p>Die \u201eHana\u201c-Jacke spricht mit ihrer exquisiten \u201aKahori Maki Japonismus\u2018-Grafik Fashionistas an. Der raffinierte Mona-Lisa-Print befindet sich auf Vorder- und R\u00fcckseite des funktionellen Zwei-Wege-Stretch-Stoffs. Die Seitenteile und die Unter\u00e4rmel sind aus Vier-Wege-Stretch gefertigt. Das Kirschbl\u00fcten-Muster wird auf ein beigelegtes Furoshiki \u2013 ein traditionelles japanisches Verpackungstuch \u2013 \u00fcbertragen, um die Jacke einzupacken. Das Modell ist optional auch mit Echtpelz-Kragen erh\u00e4ltlich.<\/p>\n<p><em>Gr\u00f6\u00dfen: S-XXL<\/em><\/p>\n<h2>Neuheiten Bei GORE-TEX &#8211; INFINIUM<\/h2>\n<p><a href=\"https:\/\/www.outdoor-renner.de\/blog\/was-ist-die-gore-tex-membrane.html\"><picture><source srcset=\"https:\/\/www.outdoor-renner.de\/blog\/wp-content\/uploads\/2018\/10\/logo-gore-tex.webp 220w,https:\/\/www.outdoor-renner.de\/blog\/wp-content\/uploads\/2018\/10\/logo-gore-tex-150x150.webp 150w\" sizes=\"(max-width: 220px) 100vw, 220px\" type=\"image\/webp\"><img src=\"https:\/\/www.outdoor-renner.de\/blog\/wp-content\/uploads\/2018\/10\/logo-gore-tex.jpg\" height=\"220\" width=\"220\" srcset=\"https:\/\/www.outdoor-renner.de\/blog\/wp-content\/uploads\/2018\/10\/logo-gore-tex.jpg 220w, https:\/\/www.outdoor-renner.de\/blog\/wp-content\/uploads\/2018\/10\/logo-gore-tex-150x150.jpg 150w\" sizes=\"(max-width: 220px) 100vw, 220px\" class=\"alignleft size-full wp-image-11580 sp-no-webp\" alt=\"Gore-Tex Logo\" decoding=\"async\"  > <\/picture>GORE-TEX INFINIUM<\/a> steht f\u00fcr Produkte, die einen spezifischen Nutzen bieten, gerade da, wo Wasserdichtigkeit nicht notwendig ist oder gew\u00fcnscht wird. GORE-TEX INFINIUM Produkte sind am wei\u00dfen Logo erkennbar. Die GTX INFINIUM Stretch Handschuhe beispielsweise sitzen an der Hand und an den Fingern wie eine zweite Haut und bieten ein sensationelles Fingerspitzengef\u00fchl. Der Handschuh hat 30 % weniger N\u00e4hte und der Materialeinsatz in der Produktion kann um 35 % verringert werden. Das Resultat sind sp\u00fcrbar weniger Knubbel und Falten. Mehr als 20 Markenpartner \u2013 darunter ESKA, Leki, Reusch, Rossignol, Snowlife, Zanier und Ziener \u2013 werden in der kommenden Saison INFINIUM Stretch Handschuhe anbieten.<\/p>\n<p>Das kommende Jahr erg\u00e4nzt Gore das Portfolio technischer INFINIUM Bekleidung um die WINDSTOPPER Produkttechnologie. Sie wird in einer breiten Modellpalette von diversen Marken eingesetzt, wie etwa Arc\u2019teryx, Black Yak, Burton, GORE\u00ae WEAR, Herno, Mammut, Norr\u00f8na, O\u2019Neill oder Rab. GTX INFINIUM WINDSTOPPER\u00ae Bekleidung ist absolut winddicht, leicht, wetterresistent und h\u00f6chst atmungsaktiv \u2013 Eigenschaften, die f\u00fcr bestm\u00f6glichen Komfort sorgen.<\/p>\n<h2>Neuigkeiten von Jack Wolfskin &#8211; Premiere im Schnee: Nachhaltige Produkte mit Performance und Style<\/h2>\n<div id=\"attachment_12152\" style=\"width: 410px\" class=\"wp-caption alignright\"><a href=\"https:\/\/www.outdoor-renner.de\/blog\/wp-content\/uploads\/2019\/03\/jack-wolfskin-trends-2019.jpg\"><picture><source srcset=\"https:\/\/www.outdoor-renner.de\/blog\/wp-content\/uploads\/2019\/03\/jack-wolfskin-trends-2019.webp 400w,https:\/\/www.outdoor-renner.de\/blog\/wp-content\/uploads\/2019\/03\/jack-wolfskin-trends-2019-238x300.webp 238w\" sizes=\"(max-width: 400px) 100vw, 400px\" type=\"image\/webp\"><img src=\"https:\/\/www.outdoor-renner.de\/blog\/wp-content\/uploads\/2019\/03\/jack-wolfskin-trends-2019.jpg\" height=\"505\" width=\"400\" srcset=\"https:\/\/www.outdoor-renner.de\/blog\/wp-content\/uploads\/2019\/03\/jack-wolfskin-trends-2019.jpg 400w, https:\/\/www.outdoor-renner.de\/blog\/wp-content\/uploads\/2019\/03\/jack-wolfskin-trends-2019-238x300.jpg 238w\" sizes=\"(max-width: 400px) 100vw, 400px\" class=\"size-full wp-image-12152 sp-no-webp\" alt=\"Die neuen Trends bei Jack Wolfskin: Die Snow- Sport Kollektion mit der Big White Jacket und der Big White Pant\" decoding=\"async\" aria-describedby=\"caption-attachment-12152\"  > <\/picture><\/a><p id=\"caption-attachment-12152\" class=\"wp-caption-text\"><em>Die neuen Trends bei Jack Wolfskin: Die Snow- Sport Kollektion mit der Big White Jacket und der Big White Pant<\/em><\/p><\/div>\n<p>F\u00fcr die neue Saison hat<a href=\"https:\/\/www.outdoor-renner.de\/jack-wolfskin-groessentabelle\/\"> Jack Wolfskin<\/a> die au\u00dfergew\u00f6hnliche <em>\u201eJW365 Kollektion\u201c<\/em> weiterentwickelt. Die im vergangenen Jahr sehr erfolgreich gestartete Capsule Collection nur f\u00fcr M\u00e4nner bietet moderne Produkte, die perfekt zum aktiven Lifestyle einer neuen Generation passen. Technologisch hochwertige Features und starke Farbkombinationen machen sie zu absoluten Highlights. Neu in dieser Kollektion ist die 365 Twentyfourseven 3in1 Doppeljacke.<\/p>\n<h3>Wolfskin Skijacke und Skihose &#8211; Big White Jacket &amp; Pant<\/h3>\n<p>Diese nachhaltige und funktionelle Jacke besticht durch zweilagiges, zu 100 % recyceltes \u201eTexapore Ecosphere Stretch\u201c-Au\u00dfenmaterial. Das atmungsaktive Futter ist aus 100 % recyceltem \u201eMicroguard Ecosphere\u201c hergestellt.\u00a0Gleicherma\u00dfen funktionell ist die zur \u201eBig White Jacket\u201c passende Skihose mit Top-Features.\u00a0Gleicherma\u00dfen funktionell ist die zur \u201eBig White Jacket\u201c passende Skihose mit Top-Features.<\/p>\n<h3>Kamui 24 Pack\u00a0 &#8211; der neue Rucksack von Wolfskin<\/h3>\n<p>F\u00fcr Ski-Enthusiasten eignet sich dieser kompakte Tagesrucksack mit 24 l Fassungsverm\u00f6gen bestens. Ebenso neu ist der Rucksack &#8222;365 Millenium 42 Pack&#8220;<\/p>\n<p><em>Gr\u00f6\u00dfen: S-XXXL &#8211; Einige Skihosen auch in Langgr\u00f6\u00dfen und Kurzgr\u00f6\u00dfen erh\u00e4ltlich<\/em><\/p>\n<h2>HEAD Sportswear und Skiwear &#8211; Performance-Skiwear mit modischer Finesse<\/h2>\n<p>Einen Mix aus Mode und Performance pr\u00e4sentiert Head Sportswear mit k\u00f6rperbetonten Schnittf\u00fchrungen und intelligent gesetztem Colorblocking, die den femininen X-Shape unterstreichen und bei Herren-Jacken den sportlichen V-Shape betonen.<\/p>\n<p><em>\u201eWir haben gro\u00dfen Wert darauf gelegt, Trendfarben aufzugreifen und die einzelnen Farben untereinander gut kombinierbar zu machen<\/em>\u201c, hei\u00dft es aus dem Design bei Head Sportswear. Wie die \u00f6sterreichische Sportmarke wollen auch andere Skimode-Hersteller mit durchdachten Farb- und Stoffkonzepten den K\u00e4ufern das Kombinieren der Styles quer durch die gesamte Kollektion erleichtern. Vom cleanen monochromen Look bis zum Spiel mit kr\u00e4ftigen Kontrasten kann der modeaffine Kunde seinen ganz pers\u00f6nlichen Stil kreieren. Um den Spielraum des Mix-and-Match-Gedankens zu erweitern, hat Maier Sports das Angebot an farbigen Skihosen deutlich ausgebaut. <em>\u201eDamit lassen sich Jacken in gedeckten, alltagstauglichen T\u00f6nen zu einem modisch-dynamischen Outfit auf der Piste stylen\u201c<\/em>, so die Produktentwickler.<\/p>\n<h3>Head Sabrina Jacket Woman<\/h3>\n<p>Die figurbetonende Anordnung der einzelnen, mit Primaloft Thermoplume bef\u00fcllten Kammern verleiht dieser Jacke eine elegante Silhouette. Weitere Features sind die komplett getapten N\u00e4hte sowie der Einsatz einer eigens entwickelten Membrane mit hoher Atmungsaktivit\u00e4t und Wasserdichte. Ein etwas l\u00e4ngerer Schnitt, verstellbare Kapuze und Schneefang sch\u00fctzen zudem vor Wind und Wetter.<\/p>\n<h3>Head Subzero Jacket Men &#8211; Herren Thermo-Skijacke<\/h3>\n<p>Ausgestattet mit Primaloft Thermoplume bietet das Modell eine hervorragende W\u00e4rmeleistung, auch im nassen Zustand. Zudem garantiert der Einsatz einer eigens entwickelten Membrane einen maximalen Klimakomfort. Komplett verklebte N\u00e4hte und ein Schneefang mit automatischem Verschlusssystem sind weitere Features dieses sportiven Modells.<\/p>\n<h3>Head Allure Jacket &#8211; Damen Skijacke mit Schneefang<\/h3>\n<p>W\u00e4hrend der asymmetrische Frontrei\u00dfverschluss die Blicke auf sich zieht, punktet die Damenjacke auch mit technischer Finesse, wie etwa komplett getapten N\u00e4hten, Primaloft Black-Eco-Insulation und einem komfortablen Vier-Wege-Stretch-Obermaterial. Smarte Details wie etwa die abnehmbare Kapuze und ein Schneefang runden den Tragekomfort ab.<\/p>\n<h3>Head Rebels Star Jacket Men &#8211; Modische Herrenskijacke<\/h3>\n<p>Das funktionelle Modell in volumin\u00f6ser Daunenoptik ist definitiv ein Highlight der brandneuen \u201eRebels\u201c-Linie und sorgt mit einem modernen Schwarz-Wei\u00df-Print sowie stylischen Details wie etwa einer au\u00dfen aufgedruckten Pflegeanleitung und dem Logo als R\u00fcckenprint f\u00fcr Aufsehen. Kurzum: Die perfekte Winterjacke f\u00fcr alle, die einen urbanen Lifestyle zelebrieren.<\/p>\n<h2>O&#8217;Neill &#8211; Skineuheiten &#8211; Mit viel Funktion und Style auf der Sonnenseite<\/h2>\n<div id=\"attachment_12183\" style=\"width: 360px\" class=\"wp-caption alignleft\"><a href=\"https:\/\/www.outdoor-renner.de\/blog\/wp-content\/uploads\/2019\/03\/oneill-skiwear-trends-1.jpg\"><picture><source srcset=\"https:\/\/www.outdoor-renner.de\/blog\/wp-content\/uploads\/2019\/03\/oneill-skiwear-trends-1.webp 350w,https:\/\/www.outdoor-renner.de\/blog\/wp-content\/uploads\/2019\/03\/oneill-skiwear-trends-1-292x300.webp 292w\" sizes=\"(max-width: 350px) 100vw, 350px\" type=\"image\/webp\"><img src=\"https:\/\/www.outdoor-renner.de\/blog\/wp-content\/uploads\/2019\/03\/oneill-skiwear-trends-1.jpg\" height=\"360\" width=\"350\" srcset=\"https:\/\/www.outdoor-renner.de\/blog\/wp-content\/uploads\/2019\/03\/oneill-skiwear-trends-1.jpg 350w, https:\/\/www.outdoor-renner.de\/blog\/wp-content\/uploads\/2019\/03\/oneill-skiwear-trends-1-292x300.jpg 292w\" sizes=\"(max-width: 350px) 100vw, 350px\" class=\"size-full wp-image-12183 sp-no-webp\" alt=\"O&#039;Neill\" decoding=\"async\" aria-describedby=\"caption-attachment-12183\"  > <\/picture><\/a><p id=\"caption-attachment-12183\" class=\"wp-caption-text\"><em>Neu bei O&#8217;Neill sind die Jacken Psycho Tech, Zeolite und die Textured Jacket<\/em><\/p><\/div>\n<p>Als Teil der \u201eSnow City\u201c-Kollektion bringt die neuen SkijJacken und Skihosen mit einem trendsicheren Kaleidoskop-Print Sonne in triste Wintertage. Auch dem Schnee trotzt dieser Style gekonnt dank hochtechnischer Features und viel Funktionalit\u00e4t. Der etwas l\u00e4ngere Schnitt mit gro\u00dfz\u00fcgiger W\u00e4rmed\u00e4mmung macht sie unverzichtbar an kalten Wintertagen. Spa\u00dfige und vor allem warme Tage auf und abseits des Bergs sind garantiert.<\/p>\n<h3>Textured Jacket &#8211; Damenskijacke im Camo-Lool<\/h3>\n<p>Inspiriert von Streetwear und mit Camo-Details versehen, \u00fcberzeugt die Jacke bereits durch ihre Optik. Zahlreiche technische Features sprechen zudem f\u00fcr ihre Funktionalit\u00e4t. Frieren war gestern: Die integrierte \u201eFirewall Magma\u201c-Technologie sch\u00fctzt mit einem speziellen w\u00e4rmespeichernden Material die K\u00f6rpermitte. Eine vielseitige Jacke, die einen zuverl\u00e4ssig durch den Winter bringt.<\/p>\n<h3>Gore-Tex 3L Psycho Tech Ski-Anorak<\/h3>\n<p>Die Funktionsjacke garantiert dank Gore-Tex-Membran maximale Wasserdichte und Atmungsaktivit\u00e4t am Berg. Bestehend aus recyceltem Polyester und mit einer PFC-freien DWR-Behandlung versehen, k\u00f6nnen ihm (und seinem Tr\u00e4ger) Wind und Wetter nichts anhaben.<\/p>\n<p>Erh\u00e4ltlich in mehreren Farbvarianten, sorgt der Anorak bei Frauen und M\u00e4nnern f\u00fcr einen echten Hingucker auf und abseits der Piste.<\/p>\n<h2>Schneider Sportswear &#8211; Sport und Winterbekleidung f\u00fcr Apres Ski<\/h2>\n<div id=\"attachment_12185\" style=\"width: 410px\" class=\"wp-caption alignright\"><a href=\"https:\/\/www.outdoor-renner.de\/blog\/wp-content\/uploads\/2019\/03\/schneider-sportswear-neuheiten-1.jpg\"><picture><source srcset=\"https:\/\/www.outdoor-renner.de\/blog\/wp-content\/uploads\/2019\/03\/schneider-sportswear-neuheiten-1.webp 400w,https:\/\/www.outdoor-renner.de\/blog\/wp-content\/uploads\/2019\/03\/schneider-sportswear-neuheiten-1-300x168.webp 300w\" sizes=\"(max-width: 400px) 100vw, 400px\" type=\"image\/webp\"><img src=\"https:\/\/www.outdoor-renner.de\/blog\/wp-content\/uploads\/2019\/03\/schneider-sportswear-neuheiten-1.jpg\" height=\"224\" width=\"400\" srcset=\"https:\/\/www.outdoor-renner.de\/blog\/wp-content\/uploads\/2019\/03\/schneider-sportswear-neuheiten-1.jpg 400w, https:\/\/www.outdoor-renner.de\/blog\/wp-content\/uploads\/2019\/03\/schneider-sportswear-neuheiten-1-300x168.jpg 300w\" sizes=\"(max-width: 400px) 100vw, 400px\" class=\"size-full wp-image-12185 sp-no-webp\" alt=\"Perfekte Passform und top Qualit\u00e4t bei Schneider\" decoding=\"async\" aria-describedby=\"caption-attachment-12185\"  > <\/picture><\/a><p id=\"caption-attachment-12185\" class=\"wp-caption-text\"><em>Perfekte Passform und top Qualit\u00e4t bei Schneider<\/em><\/p><\/div>\n<p><strong>Optimale Passform, beste Qualit\u00e4t und gelebte Verantwortung \u2013 Made in Europe.<\/strong><\/p>\n<p>Stark ausgepr\u00e4gt ist der modische Aspekt bei der mittleren Lage. Das schwarze Fleece hat ausgedient, Midlayer sind zu modischen Allroundern geworden. Sie k\u00f6nnen genauso gut unter der Skijacke oder zum Winterrunning getragen werden wie zu Jeans. Altbekannte Themen wie Fleece- und Isolationsjacken, Fleece-Stepp-Mischungen und Pullis im Norwegerstil erscheinen bei Schneider Sportswear in frischen Farben und modisch aktuellen Schnitten. Zu den \u201eIt Peaces\u201c geh\u00f6ren Statement-Shirts, teils mit retroinspirierten Farbkombinationen und Skimotiven. Das gro\u00dfe Modethema Strick findet zur\u00fcck in die Skikollektionen. Wolle hat hier nicht nur modisch, sondern auch funktionell die Nase vorn.<\/p>\n<h3>Schneider Jazmin Woman &#8211; modische Fleecejacke<\/h3>\n<p>Funktions-Hoodie f\u00fcr Damen, atmungsaktive Performance-Qualit\u00e4t, Doubleface: 85 % Polyester, 15 % Elasthan. Kapuze mit sch\u00fctzendem Stehkragen, sportive Linienf\u00fchrung, Reflektierender Label-Print am \u00c4rmel und zwei Rei\u00dfverschluss-Leistentaschen.<\/p>\n<h3>Schneider Jounia Woman<\/h3>\n<p>Fitness-Shirt f\u00fcr Damen, Diagonal-Streifen-Print: 90 % Polyamid, 10 % Elasthan. Flacher V-Ausschnitt, Raglan-\u00c4rmel mit perfekter Bewegungsfreiheit, Gummi-Bund f\u00fcr eine gute Silhouette.<\/p>\n<h3>Schneider Janna Woman<\/h3>\n<p>Fitness-Shirt f\u00fcr Damen, Elastic-Single mit Pixel-Storm-Print in kreativen Farbkombinationen: 90 % Polyamid, 10 % Elasthan. Elastisch eingefasster Rundhalsausschnitt, Raglan-\u00c4rmel mit angenehmer Flachnaht.<\/p>\n<p><em>Schneider Sportswear gibt es auch in Big-Size und Tall Size (extra lang)<\/em><\/p>\n","protected":false},"excerpt":{"rendered":"<p class=\"teaser\">Funktionelle Skibekleidung ist auf hohem technischem Niveau angelangt. Sie liefert die passende L\u00f6sung f\u00fcr Pistenskifahrer, Freerider und Tourengeher. Die Grenzen zwischen Performance und Mode sind in der Ski-Wear f\u00fcr den kommenden Herbst und Winter flie\u00dfend. Nahtlos verschmelzen innovative Stoffkonzepte, neue Qualit\u00e4ten, effektvolle Details, dekorative Muster und starke Farben zu neuen Outfits. \u201eDie Optik spielt bei &hellip;<\/p>\n","protected":false},"author":3,"featured_media":12193,"comment_status":"open","ping_status":"closed","sticky":false,"template":"","format":"standard","meta":{"footnotes":""},"categories":[1368,1370],"tags":[],"class_list":["post-12114","post","type-post","status-publish","format-standard","has-post-thumbnail","hentry","category-outdoor-trends","category-outdoorbekleidung"],"aioseo_notices":[],"_links":{"self":[{"href":"https:\/\/www.outdoor-renner.de\/blog\/wp-json\/wp\/v2\/posts\/12114","targetHints":{"allow":["GET"]}}],"collection":[{"href":"https:\/\/www.outdoor-renner.de\/blog\/wp-json\/wp\/v2\/posts"}],"about":[{"href":"https:\/\/www.outdoor-renner.de\/blog\/wp-json\/wp\/v2\/types\/post"}],"author":[{"embeddable":true,"href":"https:\/\/www.outdoor-renner.de\/blog\/wp-json\/wp\/v2\/users\/3"}],"replies":[{"embeddable":true,"href":"https:\/\/www.outdoor-renner.de\/blog\/wp-json\/wp\/v2\/comments?post=12114"}],"version-history":[{"count":4,"href":"https:\/\/www.outdoor-renner.de\/blog\/wp-json\/wp\/v2\/posts\/12114\/revisions"}],"predecessor-version":[{"id":17746,"href":"https:\/\/www.outdoor-renner.de\/blog\/wp-json\/wp\/v2\/posts\/12114\/revisions\/17746"}],"wp:featuredmedia":[{"embeddable":true,"href":"https:\/\/www.outdoor-renner.de\/blog\/wp-json\/wp\/v2\/media\/12193"}],"wp:attachment":[{"href":"https:\/\/www.outdoor-renner.de\/blog\/wp-json\/wp\/v2\/media?parent=12114"}],"wp:term":[{"taxonomy":"category","embeddable":true,"href":"https:\/\/www.outdoor-renner.de\/blog\/wp-json\/wp\/v2\/categories?post=12114"},{"taxonomy":"post_tag","embeddable":true,"href":"https:\/\/www.outdoor-renner.de\/blog\/wp-json\/wp\/v2\/tags?post=12114"}],"curies":[{"name":"wp","href":"https:\/\/api.w.org\/{rel}","templated":true}]}}